{"id":9077,"date":"2020-03-10T00:08:45","date_gmt":"2020-03-09T17:27:00","guid":{"rendered":"https:\/\/triana.salesianos.edu\/colegio\/?p=9077"},"modified":"2023-11-29T10:36:01","modified_gmt":"2023-11-29T09:36:01","slug":"concienciando-contra-el-cambio-climatico","status":"publish","type":"post","link":"https:\/\/triana.salesianos.edu\/colegio\/blog\/2020\/03\/10\/concienciando-contra-el-cambio-climatico\/","title":{"rendered":"Concienciando contra el cambio clim\u00e1tico"},"content":{"rendered":"<div id=\"fb-root\"><\/div>\n<p>[et_pb_section fb_built=\u00bb1&#8243; admin_label=\u00bbsection\u00bb _builder_version=\u00bb3.22&#8243;][et_pb_row admin_label=\u00bbrow\u00bb _builder_version=\u00bb3.25&#8243; background_size=\u00bbinitial\u00bb background_position=\u00bbtop_left\u00bb background_repeat=\u00bbrepeat\u00bb][et_pb_column type=\u00bb4_4&#8243; _builder_version=\u00bb3.25&#8243; custom_padding=\u00bb|||\u00bb custom_padding__hover=\u00bb|||\u00bb][et_pb_text admin_label=\u00bbEntradilla (Texto)\u00bb _builder_version=\u00bb4.3.4&#8243; text_font=\u00bb|on|||\u00bb text_orientation=\u00bbjustified\u00bb border_style=\u00bbsolid\u00bb]<\/p>\n<p><strong><em>La etapa de Educaci\u00f3n Primaria prepara, por quinto a\u00f1o consecutivo, un proyecto interdisciplinar com\u00fan a toda la etapa cuyos resultados y productos finales se expusieron el d\u00eda 4 de marzo para disfrute de los alumnos, profesores y familia. <\/em><\/strong><\/p>\n<p><!--more--><\/p>\n<p>[\/et_pb_text][et_pb_text admin_label=\u00bbDesarrollo (Texto)\u00bb _builder_version=\u00bb4.3.4&#8243; text_orientation=\u00bbjustified\u00bb border_style=\u00bbsolid\u00bb]<\/p>\n<p>Una escuela para el siglo XXI. Esto es, desde hace unos a\u00f1os, una de las inquietudes que van guiando la forma de entender la ense\u00f1anza y la educaci\u00f3n en nuestro centro. Aprendizaje cooperativo, biling\u00fcismo, ABN o aprendizaje basado en proyectos son algunas de las <strong>nuevas metodolog\u00edas<\/strong> que se est\u00e1n asentando en la vida diaria de nuestras aulas.<\/p>\n<p>Dentro de este contexto de cambio y de innovaci\u00f3n, la etapa de Educaci\u00f3n Primaria lleva ya cinco a\u00f1os preparando un <strong>proyecto interdisciplinar com\u00fan<\/strong> a toda la etapa cuyos resultados y productos finales <strong>se exponen para disfrute de los alumnos, profesores y familia<\/strong>.<\/p>\n<p>[\/et_pb_text][\/et_pb_column][\/et_pb_row][et_pb_row column_structure=\u00bb3_5,2_5&#8243; _builder_version=\u00bb4.0.6&#8243;][et_pb_column type=\u00bb3_5&#8243; _builder_version=\u00bb4.0.6&#8243;][et_pb_text admin_label=\u00bbDesarrollo (Texto)\u00bb _builder_version=\u00bb4.3.4&#8243; text_orientation=\u00bbjustified\u00bb border_style=\u00bbsolid\u00bb]<\/p>\n<h3>El cambio clim\u00e1tico<\/h3>\n<p>Este a\u00f1o el tema propuesto ha sido el <strong>cambio clim\u00e1tico<\/strong>. Un tema de actualidad y que consideramos importante para el buen desarrollo integral de nuestro alumnado. Nuestro planeta est\u00e1 sufriendo un deterioro y un maltrato grave debido a la acci\u00f3n del hombre sobre ella y al mal uso y aprovechamiento de los recursos naturales por parte de la humanidad. La Tierra es nuestro hogar y <strong>entre todos tenemos que poner nuestro granito de arena<\/strong> para cuidarla y conservarla.<\/p>\n<p>Por tanto, los objetivos que nos hemos propuesto para este proyecto es la de explicar <strong>en qu\u00e9 consiste el cambio clim\u00e1tico, sus causas y consecuencias;<\/strong> concienciar y sensibilizar sobre la importancia de cuidar nuestro medio ambiente y proponer acciones y actividades que pueden ayudar a paliar el perjuicio que elementos como el calentamiento global o la contaminaci\u00f3n est\u00e1n causando en nuestro entorno.<\/p>\n<p>[\/et_pb_text][\/et_pb_column][et_pb_column type=\u00bb2_5&#8243; _builder_version=\u00bb4.0.6&#8243;][et_pb_image src=\u00bbhttps:\/\/triana.salesianos.edu\/wp-content\/uploads\/2020\/03\/20200304_FeriaProyectosPrimaria_23.jpg\u00bb _builder_version=\u00bb4.3.4&#8243;][\/et_pb_image][\/et_pb_column][\/et_pb_row][et_pb_row _builder_version=\u00bb4.0.6&#8243;][et_pb_column type=\u00bb4_4&#8243; _builder_version=\u00bb4.0.6&#8243;][et_pb_text admin_label=\u00bbDesarrollo (Texto)\u00bb _builder_version=\u00bb4.3.4&#8243; text_orientation=\u00bbjustified\u00bb border_style=\u00bbsolid\u00bb]<\/p>\n<h3>Preparando el proyecto<\/h3>\n<p>Para cumplir estos objetivos, se repartieron los contenidos entre los diferentes ciclos de la etapa. El <strong>primer ciclo<\/strong> (1\u00ba y 2\u00ba) trabajaron fundamentalmente<strong> las 3 R\u2019s: Reciclar, reusar y reutilizar<\/strong>. Los alumnos aportaron ideas sobre cosas sencillas y pr\u00e1cticas que pod\u00edamos llevar a cabo en nuestra vida cotidiana para hacer un buen uso de los recursos.<\/p>\n<p>El alumnado del <strong>segundo ciclo<\/strong> (3\u00ba y 4\u00ba) se centraron en <strong>explicar<\/strong> qu\u00e9 es y c\u00f3mo afecta<strong> el cambio clim\u00e1tico<\/strong> a nuestro planeta y por consiguiente a la vida en la Tierra. Nos mostraron<strong> las causas y las consecuencias<\/strong> que provoca el cambio clim\u00e1tico. Tambi\u00e9n, a trav\u00e9s de experimentos nos demostraron aspectos como el calentamiento global, la contaminaci\u00f3n de las ciudades o el efecto invernadero y, mediante gr\u00e1ficas, aportaron datos de c\u00f3mo estos elementos han ido desgastando y perjudicando a nuestro planeta en los \u00faltimos a\u00f1os.<\/p>\n<p>Por \u00faltimo, los mayores de<strong> tercer ciclo<\/strong> (5\u00ba y 6\u00ba) se centraron en la <strong>concienciaci\u00f3n<\/strong> y la <strong>sensibilizaci\u00f3n<\/strong>. Elaboraron p\u00f3sters y carteles con lemas muy expl\u00edcitos para animar la lucha contra el cambio clim\u00e1tico. Tambi\u00e9n se centraron en la <strong>cumbre del cambio clim\u00e1tico<\/strong> celebrada en Paris y elaboraron una serie de <strong>obras de arte realizadas con elementos reciclados<\/strong>, algunas de ellas muy creativas y espectaculares.<\/p>\n<p>Adem\u00e1s de todo lo anterior, tambi\u00e9n tuvieron cabida dentro de la exposici\u00f3n varios talleres relacionados.<\/p>\n<p>[\/et_pb_text][\/et_pb_column][\/et_pb_row][et_pb_row column_structure=\u00bb2_5,3_5&#8243; _builder_version=\u00bb4.0.6&#8243;][et_pb_column type=\u00bb2_5&#8243; _builder_version=\u00bb4.0.6&#8243;][et_pb_image src=\u00bbhttps:\/\/triana.salesianos.edu\/wp-content\/uploads\/2020\/03\/20200304_FeriaProyectosPrimaria_36.jpg\u00bb _builder_version=\u00bb4.3.4&#8243;][\/et_pb_image][\/et_pb_column][et_pb_column type=\u00bb3_5&#8243; _builder_version=\u00bb4.0.6&#8243;][et_pb_text admin_label=\u00bbDesarrollo (Texto)\u00bb _builder_version=\u00bb4.3.4&#8243; text_orientation=\u00bbjustified\u00bb border_style=\u00bbsolid\u00bb]<\/p>\n<p>Desde el \u00e1rea de m\u00fasica, se realiz\u00f3 una <strong>exposici\u00f3n de instrumentos musicales<\/strong> realizados con materiales comunes y reciclados que ha permitido que los alumnos hayan podido ejercitar su imaginaci\u00f3n y experimentar nuevos sonidos.<\/p>\n<p>Tambi\u00e9n se realiz\u00f3 un<strong> taller de siembra<\/strong> donde los alumnos han podido cultivar y trasplantar diferentes especies de plantas. Y desde las \u00e1reas de ingl\u00e9s y franc\u00e9s se elaboraron <strong>pancartas con lemas contra el cambio clim\u00e1tico<\/strong> en esos idiomas.<\/p>\n<p>[\/et_pb_text][\/et_pb_column][\/et_pb_row][et_pb_row _builder_version=\u00bb4.3.4&#8243;][et_pb_column type=\u00bb4_4&#8243; _builder_version=\u00bb4.3.4&#8243;][et_pb_text _builder_version=\u00bb4.3.4&#8243;]<\/p>\n<h3>Exposici\u00f3n final<\/h3>\n<p>El pasado d\u00eda 4 de marzo tuvo lugar la <strong>exposici\u00f3n de los productos finales<\/strong> de cada uno de los cursos de la etapa. A lo largo de la ma\u00f1ana, todo el alumnado de las etapas de Secundaria, Bachillerato y Ciclos Formativos fue acudiendo al pabell\u00f3n para disfrutar de los trabajos de sus compa\u00f1eros.<\/p>\n<p>Por la tarde, fue el momento de abrir las puertas para que <strong>las familias pudieran disfrutar de todo el trabajo realizado<\/strong> por sus hijos. Todos quedaron asombrados tanto por los proyectos realizados como por los conocimientos que los alumnos expon\u00edan al paso de las familias por cada uno de los stands. Pero sin duda quienes m\u00e1s disfrutaron fueron los chicos y las chicas. En primer lugar, por los conocimientos adquiridos y los trabajos realizados en los cuales pusieron en pr\u00e1ctica habilidades como la investigaci\u00f3n, la imaginaci\u00f3n y la experimentaci\u00f3n y, en segundo lugar, por haber tenido la oportunidad de haber expuesto a sus seres queridos todo el aprendizaje adquirido y toda la pasi\u00f3n y el trabajo realizado demostrado en los proyectos creados.<\/p>\n<p>Para los maestros tambi\u00e9n ha sido muy satisfactorio este proyecto pues, a pesar del gran trabajo y los esfuerzos empleados en la preparaci\u00f3n, han comprobado<strong> la emoci\u00f3n y la ilusi\u00f3n que los alumnos han demostrado<\/strong> las dos semanas de preparaci\u00f3n del proyecto. Adem\u00e1s han visto como, gracias a este tipo de metodolog\u00eda de aprendizaje, <strong>se han conseguido los objetivos marcados<\/strong> y el aprendizaje de los alumnos ha sido un <strong>aprendizaje real, significativo y \u00fatil para su vida<\/strong>.<\/p>\n<p><em>\u00a0<strong>\u201cD\u00edmelo y lo olvidar\u00e9, mu\u00e9stramelo y lo recordar\u00e9, invol\u00facrame y lo aprender\u00e9\u201d (Confucio) <\/strong><\/em><\/p>\n\n<p>[\/et_pb_text][\/et_pb_column][\/et_pb_row][\/et_pb_section]<\/p>\n","protected":false},"excerpt":{"rendered":"<p>La etapa de Educaci\u00f3n Primaria prepara, por quinto a\u00f1o consecutivo, un proyecto interdisciplinar com\u00fan a toda la etapa cuyos resultados y productos finales se expusieron el d\u00eda 4 de marzo para disfrute de los alumnos, profesores y familia. Una escuela para el siglo XXI. Esto es, desde hace unos a\u00f1os, una de las inquietudes que [&hellip;]<\/p>\n","protected":false},"author":3,"featured_media":9078,"comment_status":"open","ping_status":"open","sticky":false,"template":"","format":"standard","meta":{"_et_pb_use_builder":"on","_et_pb_old_content":"","_et_gb_content_width":"","footnotes":""},"categories":[27,18],"tags":[],"class_list":["post-9077","post","type-post","status-publish","format-standard","has-post-thumbnail","hentry","category-colegio","category-primaria"],"yoast_head":"<!-- This site is optimized with the Yoast SEO plugin v28.3 - https:\/\/yoast.com\/product\/yoast-seo-wordpress\/ -->\n<title>Concienciando contra el cambio clim\u00e1tico - Colegio Salesiano San Pedro<\/title>\n<meta name=\"robots\" content=\"noindex, follow\" \/>\n<meta property=\"og:locale\" content=\"es_ES\" \/>\n<meta property=\"og:type\" content=\"article\" \/>\n<meta property=\"og:title\" content=\"Concienciando contra el cambio clim\u00e1tico - Colegio Salesiano San Pedro\" \/>\n<meta property=\"og:description\" content=\"La etapa de Educaci\u00f3n Primaria prepara, por quinto a\u00f1o consecutivo, un proyecto interdisciplinar com\u00fan a toda la etapa cuyos resultados y productos finales se expusieron el d\u00eda 4 de marzo para disfrute de los alumnos, profesores y familia. Una escuela para el siglo XXI. Esto es, desde hace unos a\u00f1os, una de las inquietudes que [&hellip;]\" \/>\n<meta property=\"og:url\" content=\"https:\/\/triana.salesianos.edu\/colegio\/blog\/2020\/03\/09\/concienciando-contra-el-cambio-climatico\/\" \/>\n<meta property=\"og:site_name\" content=\"Colegio Salesiano San Pedro\" \/>\n<meta property=\"article:published_time\" content=\"2020-03-09T17:27:00+00:00\" \/>\n<meta property=\"article:modified_time\" content=\"2023-11-29T09:36:01+00:00\" \/>\n<meta property=\"og:image\" content=\"https:\/\/triana.salesianos.edu\/colegio\/wp-content\/uploads\/sites\/2\/2020\/03\/20200304_FeriaProyectosPrimaria_6.jpg\" \/>\n\t<meta property=\"og:image:width\" content=\"640\" \/>\n\t<meta property=\"og:image:height\" content=\"427\" \/>\n\t<meta property=\"og:image:type\" content=\"image\/jpeg\" \/>\n<meta name=\"author\" content=\"Gestor Web\" \/>\n<meta name=\"twitter:card\" content=\"summary_large_image\" \/>\n<meta name=\"twitter:label1\" content=\"Escrito por\" \/>\n\t<meta name=\"twitter:data1\" content=\"Gestor Web\" \/>\n\t<meta name=\"twitter:label2\" content=\"Tiempo de lectura\" \/>\n\t<meta name=\"twitter:data2\" content=\"6 minutos\" \/>\n<script type=\"application\/ld+json\" class=\"yoast-schema-graph\">{\"@context\":\"https:\\\/\\\/schema.org\",\"@graph\":[{\"@type\":\"Article\",\"@id\":\"https:\\\/\\\/triana.salesianos.edu\\\/colegio\\\/blog\\\/2020\\\/03\\\/09\\\/concienciando-contra-el-cambio-climatico\\\/#article\",\"isPartOf\":{\"@id\":\"https:\\\/\\\/triana.salesianos.edu\\\/colegio\\\/blog\\\/2020\\\/03\\\/09\\\/concienciando-contra-el-cambio-climatico\\\/\"},\"author\":{\"name\":\"Gestor Web\",\"@id\":\"https:\\\/\\\/triana.salesianos.edu\\\/colegio\\\/#\\\/schema\\\/person\\\/ac56d09b53320706efba5d42fa54fa77\"},\"headline\":\"Concienciando contra el cambio clim\u00e1tico\",\"datePublished\":\"2020-03-09T17:27:00+00:00\",\"dateModified\":\"2023-11-29T09:36:01+00:00\",\"mainEntityOfPage\":{\"@id\":\"https:\\\/\\\/triana.salesianos.edu\\\/colegio\\\/blog\\\/2020\\\/03\\\/09\\\/concienciando-contra-el-cambio-climatico\\\/\"},\"wordCount\":1198,\"commentCount\":0,\"image\":{\"@id\":\"https:\\\/\\\/triana.salesianos.edu\\\/colegio\\\/blog\\\/2020\\\/03\\\/09\\\/concienciando-contra-el-cambio-climatico\\\/#primaryimage\"},\"thumbnailUrl\":\"https:\\\/\\\/triana.salesianos.edu\\\/colegio\\\/wp-content\\\/uploads\\\/sites\\\/2\\\/2020\\\/03\\\/20200304_FeriaProyectosPrimaria_6.jpg\",\"articleSection\":[\"Colegio\",\"Primaria\"],\"inLanguage\":\"es\",\"potentialAction\":[{\"@type\":\"CommentAction\",\"name\":\"Comment\",\"target\":[\"https:\\\/\\\/triana.salesianos.edu\\\/colegio\\\/blog\\\/2020\\\/03\\\/09\\\/concienciando-contra-el-cambio-climatico\\\/#respond\"]}]},{\"@type\":\"WebPage\",\"@id\":\"https:\\\/\\\/triana.salesianos.edu\\\/colegio\\\/blog\\\/2020\\\/03\\\/09\\\/concienciando-contra-el-cambio-climatico\\\/\",\"url\":\"https:\\\/\\\/triana.salesianos.edu\\\/colegio\\\/blog\\\/2020\\\/03\\\/09\\\/concienciando-contra-el-cambio-climatico\\\/\",\"name\":\"Concienciando contra el cambio clim\u00e1tico - Colegio Salesiano San Pedro\",\"isPartOf\":{\"@id\":\"https:\\\/\\\/triana.salesianos.edu\\\/colegio\\\/#website\"},\"primaryImageOfPage\":{\"@id\":\"https:\\\/\\\/triana.salesianos.edu\\\/colegio\\\/blog\\\/2020\\\/03\\\/09\\\/concienciando-contra-el-cambio-climatico\\\/#primaryimage\"},\"image\":{\"@id\":\"https:\\\/\\\/triana.salesianos.edu\\\/colegio\\\/blog\\\/2020\\\/03\\\/09\\\/concienciando-contra-el-cambio-climatico\\\/#primaryimage\"},\"thumbnailUrl\":\"https:\\\/\\\/triana.salesianos.edu\\\/colegio\\\/wp-content\\\/uploads\\\/sites\\\/2\\\/2020\\\/03\\\/20200304_FeriaProyectosPrimaria_6.jpg\",\"datePublished\":\"2020-03-09T17:27:00+00:00\",\"dateModified\":\"2023-11-29T09:36:01+00:00\",\"author\":{\"@id\":\"https:\\\/\\\/triana.salesianos.edu\\\/colegio\\\/#\\\/schema\\\/person\\\/ac56d09b53320706efba5d42fa54fa77\"},\"breadcrumb\":{\"@id\":\"https:\\\/\\\/triana.salesianos.edu\\\/colegio\\\/blog\\\/2020\\\/03\\\/09\\\/concienciando-contra-el-cambio-climatico\\\/#breadcrumb\"},\"inLanguage\":\"es\",\"potentialAction\":[{\"@type\":\"ReadAction\",\"target\":[\"https:\\\/\\\/triana.salesianos.edu\\\/colegio\\\/blog\\\/2020\\\/03\\\/09\\\/concienciando-contra-el-cambio-climatico\\\/\"]}]},{\"@type\":\"ImageObject\",\"inLanguage\":\"es\",\"@id\":\"https:\\\/\\\/triana.salesianos.edu\\\/colegio\\\/blog\\\/2020\\\/03\\\/09\\\/concienciando-contra-el-cambio-climatico\\\/#primaryimage\",\"url\":\"https:\\\/\\\/triana.salesianos.edu\\\/colegio\\\/wp-content\\\/uploads\\\/sites\\\/2\\\/2020\\\/03\\\/20200304_FeriaProyectosPrimaria_6.jpg\",\"contentUrl\":\"https:\\\/\\\/triana.salesianos.edu\\\/colegio\\\/wp-content\\\/uploads\\\/sites\\\/2\\\/2020\\\/03\\\/20200304_FeriaProyectosPrimaria_6.jpg\"},{\"@type\":\"BreadcrumbList\",\"@id\":\"https:\\\/\\\/triana.salesianos.edu\\\/colegio\\\/blog\\\/2020\\\/03\\\/09\\\/concienciando-contra-el-cambio-climatico\\\/#breadcrumb\",\"itemListElement\":[{\"@type\":\"ListItem\",\"position\":1,\"name\":\"Portada\",\"item\":\"https:\\\/\\\/triana.salesianos.edu\\\/colegio\\\/\"},{\"@type\":\"ListItem\",\"position\":2,\"name\":\"Concienciando contra el cambio clim\u00e1tico\"}]},{\"@type\":\"WebSite\",\"@id\":\"https:\\\/\\\/triana.salesianos.edu\\\/colegio\\\/#website\",\"url\":\"https:\\\/\\\/triana.salesianos.edu\\\/colegio\\\/\",\"name\":\"Colegio Salesiano San Pedro\",\"description\":\"P\u00e1gina oficial Salesianos Triana Sevilla\",\"potentialAction\":[{\"@type\":\"SearchAction\",\"target\":{\"@type\":\"EntryPoint\",\"urlTemplate\":\"https:\\\/\\\/triana.salesianos.edu\\\/colegio\\\/?s={search_term_string}\"},\"query-input\":{\"@type\":\"PropertyValueSpecification\",\"valueRequired\":true,\"valueName\":\"search_term_string\"}}],\"inLanguage\":\"es\"},{\"@type\":\"Person\",\"@id\":\"https:\\\/\\\/triana.salesianos.edu\\\/colegio\\\/#\\\/schema\\\/person\\\/ac56d09b53320706efba5d42fa54fa77\",\"name\":\"Gestor Web\",\"image\":{\"@type\":\"ImageObject\",\"inLanguage\":\"es\",\"@id\":\"https:\\\/\\\/secure.gravatar.com\\\/avatar\\\/2e89c91da47a7fb64ca5f65c45ef901e52d2b7a5c0f7eb1ae1e1c5f1e0c314da?s=96&d=mm&r=g\",\"url\":\"https:\\\/\\\/secure.gravatar.com\\\/avatar\\\/2e89c91da47a7fb64ca5f65c45ef901e52d2b7a5c0f7eb1ae1e1c5f1e0c314da?s=96&d=mm&r=g\",\"contentUrl\":\"https:\\\/\\\/secure.gravatar.com\\\/avatar\\\/2e89c91da47a7fb64ca5f65c45ef901e52d2b7a5c0f7eb1ae1e1c5f1e0c314da?s=96&d=mm&r=g\",\"caption\":\"Gestor Web\"}}]}<\/script>\n<!-- \/ Yoast SEO plugin. -->","yoast_head_json":{"title":"Concienciando contra el cambio clim\u00e1tico - Colegio Salesiano San Pedro","robots":{"index":"noindex","follow":"follow"},"og_locale":"es_ES","og_type":"article","og_title":"Concienciando contra el cambio clim\u00e1tico - Colegio Salesiano San Pedro","og_description":"La etapa de Educaci\u00f3n Primaria prepara, por quinto a\u00f1o consecutivo, un proyecto interdisciplinar com\u00fan a toda la etapa cuyos resultados y productos finales se expusieron el d\u00eda 4 de marzo para disfrute de los alumnos, profesores y familia. Una escuela para el siglo XXI. Esto es, desde hace unos a\u00f1os, una de las inquietudes que [&hellip;]","og_url":"https:\/\/triana.salesianos.edu\/colegio\/blog\/2020\/03\/09\/concienciando-contra-el-cambio-climatico\/","og_site_name":"Colegio Salesiano San Pedro","article_published_time":"2020-03-09T17:27:00+00:00","article_modified_time":"2023-11-29T09:36:01+00:00","og_image":[{"width":640,"height":427,"url":"https:\/\/triana.salesianos.edu\/colegio\/wp-content\/uploads\/sites\/2\/2020\/03\/20200304_FeriaProyectosPrimaria_6.jpg","type":"image\/jpeg"}],"author":"Gestor Web","twitter_card":"summary_large_image","twitter_misc":{"Escrito por":"Gestor Web","Tiempo de lectura":"6 minutos"},"schema":{"@context":"https:\/\/schema.org","@graph":[{"@type":"Article","@id":"https:\/\/triana.salesianos.edu\/colegio\/blog\/2020\/03\/09\/concienciando-contra-el-cambio-climatico\/#article","isPartOf":{"@id":"https:\/\/triana.salesianos.edu\/colegio\/blog\/2020\/03\/09\/concienciando-contra-el-cambio-climatico\/"},"author":{"name":"Gestor Web","@id":"https:\/\/triana.salesianos.edu\/colegio\/#\/schema\/person\/ac56d09b53320706efba5d42fa54fa77"},"headline":"Concienciando contra el cambio clim\u00e1tico","datePublished":"2020-03-09T17:27:00+00:00","dateModified":"2023-11-29T09:36:01+00:00","mainEntityOfPage":{"@id":"https:\/\/triana.salesianos.edu\/colegio\/blog\/2020\/03\/09\/concienciando-contra-el-cambio-climatico\/"},"wordCount":1198,"commentCount":0,"image":{"@id":"https:\/\/triana.salesianos.edu\/colegio\/blog\/2020\/03\/09\/concienciando-contra-el-cambio-climatico\/#primaryimage"},"thumbnailUrl":"https:\/\/triana.salesianos.edu\/colegio\/wp-content\/uploads\/sites\/2\/2020\/03\/20200304_FeriaProyectosPrimaria_6.jpg","articleSection":["Colegio","Primaria"],"inLanguage":"es","potentialAction":[{"@type":"CommentAction","name":"Comment","target":["https:\/\/triana.salesianos.edu\/colegio\/blog\/2020\/03\/09\/concienciando-contra-el-cambio-climatico\/#respond"]}]},{"@type":"WebPage","@id":"https:\/\/triana.salesianos.edu\/colegio\/blog\/2020\/03\/09\/concienciando-contra-el-cambio-climatico\/","url":"https:\/\/triana.salesianos.edu\/colegio\/blog\/2020\/03\/09\/concienciando-contra-el-cambio-climatico\/","name":"Concienciando contra el cambio clim\u00e1tico - Colegio Salesiano San Pedro","isPartOf":{"@id":"https:\/\/triana.salesianos.edu\/colegio\/#website"},"primaryImageOfPage":{"@id":"https:\/\/triana.salesianos.edu\/colegio\/blog\/2020\/03\/09\/concienciando-contra-el-cambio-climatico\/#primaryimage"},"image":{"@id":"https:\/\/triana.salesianos.edu\/colegio\/blog\/2020\/03\/09\/concienciando-contra-el-cambio-climatico\/#primaryimage"},"thumbnailUrl":"https:\/\/triana.salesianos.edu\/colegio\/wp-content\/uploads\/sites\/2\/2020\/03\/20200304_FeriaProyectosPrimaria_6.jpg","datePublished":"2020-03-09T17:27:00+00:00","dateModified":"2023-11-29T09:36:01+00:00","author":{"@id":"https:\/\/triana.salesianos.edu\/colegio\/#\/schema\/person\/ac56d09b53320706efba5d42fa54fa77"},"breadcrumb":{"@id":"https:\/\/triana.salesianos.edu\/colegio\/blog\/2020\/03\/09\/concienciando-contra-el-cambio-climatico\/#breadcrumb"},"inLanguage":"es","potentialAction":[{"@type":"ReadAction","target":["https:\/\/triana.salesianos.edu\/colegio\/blog\/2020\/03\/09\/concienciando-contra-el-cambio-climatico\/"]}]},{"@type":"ImageObject","inLanguage":"es","@id":"https:\/\/triana.salesianos.edu\/colegio\/blog\/2020\/03\/09\/concienciando-contra-el-cambio-climatico\/#primaryimage","url":"https:\/\/triana.salesianos.edu\/colegio\/wp-content\/uploads\/sites\/2\/2020\/03\/20200304_FeriaProyectosPrimaria_6.jpg","contentUrl":"https:\/\/triana.salesianos.edu\/colegio\/wp-content\/uploads\/sites\/2\/2020\/03\/20200304_FeriaProyectosPrimaria_6.jpg"},{"@type":"BreadcrumbList","@id":"https:\/\/triana.salesianos.edu\/colegio\/blog\/2020\/03\/09\/concienciando-contra-el-cambio-climatico\/#breadcrumb","itemListElement":[{"@type":"ListItem","position":1,"name":"Portada","item":"https:\/\/triana.salesianos.edu\/colegio\/"},{"@type":"ListItem","position":2,"name":"Concienciando contra el cambio clim\u00e1tico"}]},{"@type":"WebSite","@id":"https:\/\/triana.salesianos.edu\/colegio\/#website","url":"https:\/\/triana.salesianos.edu\/colegio\/","name":"Colegio Salesiano San Pedro","description":"P\u00e1gina oficial Salesianos Triana Sevilla","potentialAction":[{"@type":"SearchAction","target":{"@type":"EntryPoint","urlTemplate":"https:\/\/triana.salesianos.edu\/colegio\/?s={search_term_string}"},"query-input":{"@type":"PropertyValueSpecification","valueRequired":true,"valueName":"search_term_string"}}],"inLanguage":"es"},{"@type":"Person","@id":"https:\/\/triana.salesianos.edu\/colegio\/#\/schema\/person\/ac56d09b53320706efba5d42fa54fa77","name":"Gestor Web","image":{"@type":"ImageObject","inLanguage":"es","@id":"https:\/\/secure.gravatar.com\/avatar\/2e89c91da47a7fb64ca5f65c45ef901e52d2b7a5c0f7eb1ae1e1c5f1e0c314da?s=96&d=mm&r=g","url":"https:\/\/secure.gravatar.com\/avatar\/2e89c91da47a7fb64ca5f65c45ef901e52d2b7a5c0f7eb1ae1e1c5f1e0c314da?s=96&d=mm&r=g","contentUrl":"https:\/\/secure.gravatar.com\/avatar\/2e89c91da47a7fb64ca5f65c45ef901e52d2b7a5c0f7eb1ae1e1c5f1e0c314da?s=96&d=mm&r=g","caption":"Gestor Web"}}]}},"_links":{"self":[{"href":"https:\/\/triana.salesianos.edu\/colegio\/wp-json\/wp\/v2\/posts\/9077","targetHints":{"allow":["GET"]}}],"collection":[{"href":"https:\/\/triana.salesianos.edu\/colegio\/wp-json\/wp\/v2\/posts"}],"about":[{"href":"https:\/\/triana.salesianos.edu\/colegio\/wp-json\/wp\/v2\/types\/post"}],"author":[{"embeddable":true,"href":"https:\/\/triana.salesianos.edu\/colegio\/wp-json\/wp\/v2\/users\/3"}],"replies":[{"embeddable":true,"href":"https:\/\/triana.salesianos.edu\/colegio\/wp-json\/wp\/v2\/comments?post=9077"}],"version-history":[{"count":3,"href":"https:\/\/triana.salesianos.edu\/colegio\/wp-json\/wp\/v2\/posts\/9077\/revisions"}],"predecessor-version":[{"id":9081,"href":"https:\/\/triana.salesianos.edu\/colegio\/wp-json\/wp\/v2\/posts\/9077\/revisions\/9081"}],"wp:featuredmedia":[{"embeddable":true,"href":"https:\/\/triana.salesianos.edu\/colegio\/wp-json\/wp\/v2\/media\/9078"}],"wp:attachment":[{"href":"https:\/\/triana.salesianos.edu\/colegio\/wp-json\/wp\/v2\/media?parent=9077"}],"wp:term":[{"taxonomy":"category","embeddable":true,"href":"https:\/\/triana.salesianos.edu\/colegio\/wp-json\/wp\/v2\/categories?post=9077"},{"taxonomy":"post_tag","embeddable":true,"href":"https:\/\/triana.salesianos.edu\/colegio\/wp-json\/wp\/v2\/tags?post=9077"}],"curies":[{"name":"wp","href":"https:\/\/api.w.org\/{rel}","templated":true}]}}