{"id":8661,"date":"2019-03-13T22:22:37","date_gmt":"2019-03-13T21:22:37","guid":{"rendered":"https:\/\/triana.salesianos.edu\/colegio\/?p=8661"},"modified":"2019-03-13T22:22:37","modified_gmt":"2019-03-13T21:22:37","slug":"ejercicios-espirituales-para-profesores","status":"publish","type":"post","link":"https:\/\/triana.salesianos.edu\/colegio\/blog\/2019\/03\/13\/ejercicios-espirituales-para-profesores\/","title":{"rendered":"Ejercicios espirituales para profesores"},"content":{"rendered":"<div id=\"fb-root\"><\/div>\n<p>Durante los d\u00edas 7, 8 y 9 de marzo tuvieron lugar en Sanl\u00facar la Mayor la primera tanda de ejercicios espirituales de profesores, ofertados por la Inspector\u00eda Mar\u00eda Auxiliadora y predicados por Don Fernando B\u00e1\u00f1ez, director de nuestra casa. En total, un grupo de 30 personas compuestas por profesores de distintas casas salesianas y miembros de la Fundaci\u00f3n Don Bosco pudieron realizar estos ejercicios y hacer un alto en su d\u00eda a d\u00eda para poder pararse, reflexionar y encontrarse a solas con Dios.<\/p>\n<p>Los ejercicios comenzaron el jueves con la oraci\u00f3n de la noche. Un primer momento juntos para hacer ambiente de silencio y oraci\u00f3n. El viernes comenzaban las meditaciones y los momentos de reflexi\u00f3n personal. Los ejercicios giraron en torno a cuatro ejes. El primero de ellos trataba de responder a la pregunta \u00bfD\u00f3nde estoy yo?. La reflexi\u00f3n gir\u00f3 en torno a las claves propuestas para responder a esta pregunta. El segundo momento trat\u00f3 la oraci\u00f3n y c\u00f3mo oramos, como elemento principal de comunicaci\u00f3n con Dios. El tercero se centraba en la Eucarist\u00eda como alimento necesario del cristiano en su d\u00eda a d\u00eda, necesario para entender que somos enviados de Jes\u00fas para, siguiendo su ejemplo, partirnos y repartirnos a los dem\u00e1s como \u00c9l lo hizo por nosotros, tal y como recordamos cuando celebramos en este sacramento. Por \u00faltimo, en la ma\u00f1ana del s\u00e1bado, el cuarto momento vers\u00f3 sobre c\u00f3mo aplicar lo reflexionado y lo meditado en el d\u00eda a d\u00eda. Los ejercicios finalizaron con una Eucarist\u00eda de acci\u00f3n de gracias.<\/p>\n<p>Esperamos que para aquellos que pudieron realizar estos ejercicios haya sido un momento de encuentro personal con Dios, reflexi\u00f3n y oraci\u00f3n aut\u00e9ntica. A veces es dif\u00edcil encontrar momentos en nuestra vida para pararnos, m\u00e1s en nuestra sociedad de hoy que vamos con prisas a todos lados, para pensar d\u00f3nde estamos y a d\u00f3nde vamos.<\/p>\n<p>\u00abEl amor consiste en comunicaci\u00f3n de las dos partes, es a saber, en dar y comunicar el amante al amado lo que tiene, o de lo que tiene o puede, y as\u00ed, por el contrario, el amado al amante\u00bb (Ignacio de Loyola)<\/p>\n\n","protected":false},"excerpt":{"rendered":"<p>Profesores de nuestro centro participaron en los ejercicios espirituales del pasado fin de semana, predicados por D. Fernando B\u00e1\u00f1ez, director de nuestra casa.<\/p>\n","protected":false},"author":5,"featured_media":8662,"comment_status":"open","ping_status":"open","sticky":false,"template":"","format":"standard","meta":{"_et_pb_use_builder":"","_et_pb_old_content":"","_et_gb_content_width":"","footnotes":""},"categories":[27],"tags":[],"class_list":["post-8661","post","type-post","status-publish","format-standard","has-post-thumbnail","hentry","category-colegio"],"yoast_head":"<!-- This site is optimized with the Yoast SEO plugin v28.4 - https:\/\/yoast.com\/product\/yoast-seo-wordpress\/ -->\n<title>Ejercicios espirituales para profesores - Colegio Salesiano San Pedro<\/title>\n<meta name=\"robots\" content=\"noindex, follow\" \/>\n<meta property=\"og:locale\" content=\"es_ES\" \/>\n<meta property=\"og:type\" content=\"article\" \/>\n<meta property=\"og:title\" content=\"Ejercicios espirituales para profesores - Colegio Salesiano San Pedro\" \/>\n<meta property=\"og:description\" content=\"Profesores de nuestro centro participaron en los ejercicios espirituales del pasado fin de semana, predicados por D. Fernando B\u00e1\u00f1ez, director de nuestra casa.\" \/>\n<meta property=\"og:url\" content=\"https:\/\/triana.salesianos.edu\/colegio\/blog\/2019\/03\/13\/ejercicios-espirituales-para-profesores\/\" \/>\n<meta property=\"og:site_name\" content=\"Colegio Salesiano San Pedro\" \/>\n<meta property=\"article:published_time\" content=\"2019-03-13T21:22:37+00:00\" \/>\n<meta property=\"og:image\" content=\"https:\/\/triana.salesianos.edu\/colegio\/wp-content\/uploads\/sites\/2\/2019\/03\/IMG_2806-STRI-Juan-Jim\u00e9nez-de-Reyna.jpg\" \/>\n\t<meta property=\"og:image:width\" content=\"1632\" \/>\n\t<meta property=\"og:image:height\" content=\"1224\" \/>\n\t<meta property=\"og:image:type\" content=\"image\/jpeg\" \/>\n<meta name=\"author\" content=\"david\" \/>\n<meta name=\"twitter:card\" content=\"summary_large_image\" \/>\n<meta name=\"twitter:label1\" content=\"Escrito por\" \/>\n\t<meta name=\"twitter:data1\" content=\"david\" \/>\n\t<meta name=\"twitter:label2\" content=\"Tiempo de lectura\" \/>\n\t<meta name=\"twitter:data2\" content=\"2 minutos\" \/>\n<script type=\"application\/ld+json\" class=\"yoast-schema-graph\">{\"@context\":\"https:\\\/\\\/schema.org\",\"@graph\":[{\"@type\":\"Article\",\"@id\":\"https:\\\/\\\/triana.salesianos.edu\\\/colegio\\\/blog\\\/2019\\\/03\\\/13\\\/ejercicios-espirituales-para-profesores\\\/#article\",\"isPartOf\":{\"@id\":\"https:\\\/\\\/triana.salesianos.edu\\\/colegio\\\/blog\\\/2019\\\/03\\\/13\\\/ejercicios-espirituales-para-profesores\\\/\"},\"author\":{\"name\":\"david\",\"@id\":\"https:\\\/\\\/triana.salesianos.edu\\\/colegio\\\/#\\\/schema\\\/person\\\/f19e32115388f0564d5bead444a05d00\"},\"headline\":\"Ejercicios espirituales para profesores\",\"datePublished\":\"2019-03-13T21:22:37+00:00\",\"mainEntityOfPage\":{\"@id\":\"https:\\\/\\\/triana.salesianos.edu\\\/colegio\\\/blog\\\/2019\\\/03\\\/13\\\/ejercicios-espirituales-para-profesores\\\/\"},\"wordCount\":392,\"commentCount\":0,\"image\":{\"@id\":\"https:\\\/\\\/triana.salesianos.edu\\\/colegio\\\/blog\\\/2019\\\/03\\\/13\\\/ejercicios-espirituales-para-profesores\\\/#primaryimage\"},\"thumbnailUrl\":\"https:\\\/\\\/triana.salesianos.edu\\\/colegio\\\/wp-content\\\/uploads\\\/sites\\\/2\\\/2019\\\/03\\\/IMG_2806-STRI-Juan-Jim\u00e9nez-de-Reyna.jpg\",\"articleSection\":[\"Colegio\"],\"inLanguage\":\"es\",\"potentialAction\":[{\"@type\":\"CommentAction\",\"name\":\"Comment\",\"target\":[\"https:\\\/\\\/triana.salesianos.edu\\\/colegio\\\/blog\\\/2019\\\/03\\\/13\\\/ejercicios-espirituales-para-profesores\\\/#respond\"]}]},{\"@type\":\"WebPage\",\"@id\":\"https:\\\/\\\/triana.salesianos.edu\\\/colegio\\\/blog\\\/2019\\\/03\\\/13\\\/ejercicios-espirituales-para-profesores\\\/\",\"url\":\"https:\\\/\\\/triana.salesianos.edu\\\/colegio\\\/blog\\\/2019\\\/03\\\/13\\\/ejercicios-espirituales-para-profesores\\\/\",\"name\":\"Ejercicios espirituales para profesores - Colegio Salesiano San Pedro\",\"isPartOf\":{\"@id\":\"https:\\\/\\\/triana.salesianos.edu\\\/colegio\\\/#website\"},\"primaryImageOfPage\":{\"@id\":\"https:\\\/\\\/triana.salesianos.edu\\\/colegio\\\/blog\\\/2019\\\/03\\\/13\\\/ejercicios-espirituales-para-profesores\\\/#primaryimage\"},\"image\":{\"@id\":\"https:\\\/\\\/triana.salesianos.edu\\\/colegio\\\/blog\\\/2019\\\/03\\\/13\\\/ejercicios-espirituales-para-profesores\\\/#primaryimage\"},\"thumbnailUrl\":\"https:\\\/\\\/triana.salesianos.edu\\\/colegio\\\/wp-content\\\/uploads\\\/sites\\\/2\\\/2019\\\/03\\\/IMG_2806-STRI-Juan-Jim\u00e9nez-de-Reyna.jpg\",\"datePublished\":\"2019-03-13T21:22:37+00:00\",\"author\":{\"@id\":\"https:\\\/\\\/triana.salesianos.edu\\\/colegio\\\/#\\\/schema\\\/person\\\/f19e32115388f0564d5bead444a05d00\"},\"breadcrumb\":{\"@id\":\"https:\\\/\\\/triana.salesianos.edu\\\/colegio\\\/blog\\\/2019\\\/03\\\/13\\\/ejercicios-espirituales-para-profesores\\\/#breadcrumb\"},\"inLanguage\":\"es\",\"potentialAction\":[{\"@type\":\"ReadAction\",\"target\":[\"https:\\\/\\\/triana.salesianos.edu\\\/colegio\\\/blog\\\/2019\\\/03\\\/13\\\/ejercicios-espirituales-para-profesores\\\/\"]}]},{\"@type\":\"ImageObject\",\"inLanguage\":\"es\",\"@id\":\"https:\\\/\\\/triana.salesianos.edu\\\/colegio\\\/blog\\\/2019\\\/03\\\/13\\\/ejercicios-espirituales-para-profesores\\\/#primaryimage\",\"url\":\"https:\\\/\\\/triana.salesianos.edu\\\/colegio\\\/wp-content\\\/uploads\\\/sites\\\/2\\\/2019\\\/03\\\/IMG_2806-STRI-Juan-Jim\u00e9nez-de-Reyna.jpg\",\"contentUrl\":\"https:\\\/\\\/triana.salesianos.edu\\\/colegio\\\/wp-content\\\/uploads\\\/sites\\\/2\\\/2019\\\/03\\\/IMG_2806-STRI-Juan-Jim\u00e9nez-de-Reyna.jpg\",\"width\":1632,\"height\":1224},{\"@type\":\"BreadcrumbList\",\"@id\":\"https:\\\/\\\/triana.salesianos.edu\\\/colegio\\\/blog\\\/2019\\\/03\\\/13\\\/ejercicios-espirituales-para-profesores\\\/#breadcrumb\",\"itemListElement\":[{\"@type\":\"ListItem\",\"position\":1,\"name\":\"Portada\",\"item\":\"https:\\\/\\\/triana.salesianos.edu\\\/colegio\\\/\"},{\"@type\":\"ListItem\",\"position\":2,\"name\":\"Ejercicios espirituales para profesores\"}]},{\"@type\":\"WebSite\",\"@id\":\"https:\\\/\\\/triana.salesianos.edu\\\/colegio\\\/#website\",\"url\":\"https:\\\/\\\/triana.salesianos.edu\\\/colegio\\\/\",\"name\":\"Colegio Salesiano San Pedro\",\"description\":\"P\u00e1gina oficial Salesianos Triana Sevilla\",\"potentialAction\":[{\"@type\":\"SearchAction\",\"target\":{\"@type\":\"EntryPoint\",\"urlTemplate\":\"https:\\\/\\\/triana.salesianos.edu\\\/colegio\\\/?s={search_term_string}\"},\"query-input\":{\"@type\":\"PropertyValueSpecification\",\"valueRequired\":true,\"valueName\":\"search_term_string\"}}],\"inLanguage\":\"es\"},{\"@type\":\"Person\",\"@id\":\"https:\\\/\\\/triana.salesianos.edu\\\/colegio\\\/#\\\/schema\\\/person\\\/f19e32115388f0564d5bead444a05d00\",\"name\":\"david\",\"image\":{\"@type\":\"ImageObject\",\"inLanguage\":\"es\",\"@id\":\"https:\\\/\\\/secure.gravatar.com\\\/avatar\\\/33bb1a691c2e3f2585e0eb725819ad668b28a17e6dc982fb9be10daf15918368?s=96&d=mm&r=g\",\"url\":\"https:\\\/\\\/secure.gravatar.com\\\/avatar\\\/33bb1a691c2e3f2585e0eb725819ad668b28a17e6dc982fb9be10daf15918368?s=96&d=mm&r=g\",\"contentUrl\":\"https:\\\/\\\/secure.gravatar.com\\\/avatar\\\/33bb1a691c2e3f2585e0eb725819ad668b28a17e6dc982fb9be10daf15918368?s=96&d=mm&r=g\",\"caption\":\"david\"}}]}<\/script>\n<!-- \/ Yoast SEO plugin. -->","yoast_head_json":{"title":"Ejercicios espirituales para profesores - Colegio Salesiano San Pedro","robots":{"index":"noindex","follow":"follow"},"og_locale":"es_ES","og_type":"article","og_title":"Ejercicios espirituales para profesores - Colegio Salesiano San Pedro","og_description":"Profesores de nuestro centro participaron en los ejercicios espirituales del pasado fin de semana, predicados por D. Fernando B\u00e1\u00f1ez, director de nuestra casa.","og_url":"https:\/\/triana.salesianos.edu\/colegio\/blog\/2019\/03\/13\/ejercicios-espirituales-para-profesores\/","og_site_name":"Colegio Salesiano San Pedro","article_published_time":"2019-03-13T21:22:37+00:00","og_image":[{"width":1632,"height":1224,"url":"https:\/\/triana.salesianos.edu\/colegio\/wp-content\/uploads\/sites\/2\/2019\/03\/IMG_2806-STRI-Juan-Jim\u00e9nez-de-Reyna.jpg","type":"image\/jpeg"}],"author":"david","twitter_card":"summary_large_image","twitter_misc":{"Escrito por":"david","Tiempo de lectura":"2 minutos"},"schema":{"@context":"https:\/\/schema.org","@graph":[{"@type":"Article","@id":"https:\/\/triana.salesianos.edu\/colegio\/blog\/2019\/03\/13\/ejercicios-espirituales-para-profesores\/#article","isPartOf":{"@id":"https:\/\/triana.salesianos.edu\/colegio\/blog\/2019\/03\/13\/ejercicios-espirituales-para-profesores\/"},"author":{"name":"david","@id":"https:\/\/triana.salesianos.edu\/colegio\/#\/schema\/person\/f19e32115388f0564d5bead444a05d00"},"headline":"Ejercicios espirituales para profesores","datePublished":"2019-03-13T21:22:37+00:00","mainEntityOfPage":{"@id":"https:\/\/triana.salesianos.edu\/colegio\/blog\/2019\/03\/13\/ejercicios-espirituales-para-profesores\/"},"wordCount":392,"commentCount":0,"image":{"@id":"https:\/\/triana.salesianos.edu\/colegio\/blog\/2019\/03\/13\/ejercicios-espirituales-para-profesores\/#primaryimage"},"thumbnailUrl":"https:\/\/triana.salesianos.edu\/colegio\/wp-content\/uploads\/sites\/2\/2019\/03\/IMG_2806-STRI-Juan-Jim\u00e9nez-de-Reyna.jpg","articleSection":["Colegio"],"inLanguage":"es","potentialAction":[{"@type":"CommentAction","name":"Comment","target":["https:\/\/triana.salesianos.edu\/colegio\/blog\/2019\/03\/13\/ejercicios-espirituales-para-profesores\/#respond"]}]},{"@type":"WebPage","@id":"https:\/\/triana.salesianos.edu\/colegio\/blog\/2019\/03\/13\/ejercicios-espirituales-para-profesores\/","url":"https:\/\/triana.salesianos.edu\/colegio\/blog\/2019\/03\/13\/ejercicios-espirituales-para-profesores\/","name":"Ejercicios espirituales para profesores - Colegio Salesiano San Pedro","isPartOf":{"@id":"https:\/\/triana.salesianos.edu\/colegio\/#website"},"primaryImageOfPage":{"@id":"https:\/\/triana.salesianos.edu\/colegio\/blog\/2019\/03\/13\/ejercicios-espirituales-para-profesores\/#primaryimage"},"image":{"@id":"https:\/\/triana.salesianos.edu\/colegio\/blog\/2019\/03\/13\/ejercicios-espirituales-para-profesores\/#primaryimage"},"thumbnailUrl":"https:\/\/triana.salesianos.edu\/colegio\/wp-content\/uploads\/sites\/2\/2019\/03\/IMG_2806-STRI-Juan-Jim\u00e9nez-de-Reyna.jpg","datePublished":"2019-03-13T21:22:37+00:00","author":{"@id":"https:\/\/triana.salesianos.edu\/colegio\/#\/schema\/person\/f19e32115388f0564d5bead444a05d00"},"breadcrumb":{"@id":"https:\/\/triana.salesianos.edu\/colegio\/blog\/2019\/03\/13\/ejercicios-espirituales-para-profesores\/#breadcrumb"},"inLanguage":"es","potentialAction":[{"@type":"ReadAction","target":["https:\/\/triana.salesianos.edu\/colegio\/blog\/2019\/03\/13\/ejercicios-espirituales-para-profesores\/"]}]},{"@type":"ImageObject","inLanguage":"es","@id":"https:\/\/triana.salesianos.edu\/colegio\/blog\/2019\/03\/13\/ejercicios-espirituales-para-profesores\/#primaryimage","url":"https:\/\/triana.salesianos.edu\/colegio\/wp-content\/uploads\/sites\/2\/2019\/03\/IMG_2806-STRI-Juan-Jim\u00e9nez-de-Reyna.jpg","contentUrl":"https:\/\/triana.salesianos.edu\/colegio\/wp-content\/uploads\/sites\/2\/2019\/03\/IMG_2806-STRI-Juan-Jim\u00e9nez-de-Reyna.jpg","width":1632,"height":1224},{"@type":"BreadcrumbList","@id":"https:\/\/triana.salesianos.edu\/colegio\/blog\/2019\/03\/13\/ejercicios-espirituales-para-profesores\/#breadcrumb","itemListElement":[{"@type":"ListItem","position":1,"name":"Portada","item":"https:\/\/triana.salesianos.edu\/colegio\/"},{"@type":"ListItem","position":2,"name":"Ejercicios espirituales para profesores"}]},{"@type":"WebSite","@id":"https:\/\/triana.salesianos.edu\/colegio\/#website","url":"https:\/\/triana.salesianos.edu\/colegio\/","name":"Colegio Salesiano San Pedro","description":"P\u00e1gina oficial Salesianos Triana Sevilla","potentialAction":[{"@type":"SearchAction","target":{"@type":"EntryPoint","urlTemplate":"https:\/\/triana.salesianos.edu\/colegio\/?s={search_term_string}"},"query-input":{"@type":"PropertyValueSpecification","valueRequired":true,"valueName":"search_term_string"}}],"inLanguage":"es"},{"@type":"Person","@id":"https:\/\/triana.salesianos.edu\/colegio\/#\/schema\/person\/f19e32115388f0564d5bead444a05d00","name":"david","image":{"@type":"ImageObject","inLanguage":"es","@id":"https:\/\/secure.gravatar.com\/avatar\/33bb1a691c2e3f2585e0eb725819ad668b28a17e6dc982fb9be10daf15918368?s=96&d=mm&r=g","url":"https:\/\/secure.gravatar.com\/avatar\/33bb1a691c2e3f2585e0eb725819ad668b28a17e6dc982fb9be10daf15918368?s=96&d=mm&r=g","contentUrl":"https:\/\/secure.gravatar.com\/avatar\/33bb1a691c2e3f2585e0eb725819ad668b28a17e6dc982fb9be10daf15918368?s=96&d=mm&r=g","caption":"david"}}]}},"_links":{"self":[{"href":"https:\/\/triana.salesianos.edu\/colegio\/wp-json\/wp\/v2\/posts\/8661","targetHints":{"allow":["GET"]}}],"collection":[{"href":"https:\/\/triana.salesianos.edu\/colegio\/wp-json\/wp\/v2\/posts"}],"about":[{"href":"https:\/\/triana.salesianos.edu\/colegio\/wp-json\/wp\/v2\/types\/post"}],"author":[{"embeddable":true,"href":"https:\/\/triana.salesianos.edu\/colegio\/wp-json\/wp\/v2\/users\/5"}],"replies":[{"embeddable":true,"href":"https:\/\/triana.salesianos.edu\/colegio\/wp-json\/wp\/v2\/comments?post=8661"}],"version-history":[{"count":1,"href":"https:\/\/triana.salesianos.edu\/colegio\/wp-json\/wp\/v2\/posts\/8661\/revisions"}],"predecessor-version":[{"id":8663,"href":"https:\/\/triana.salesianos.edu\/colegio\/wp-json\/wp\/v2\/posts\/8661\/revisions\/8663"}],"wp:featuredmedia":[{"embeddable":true,"href":"https:\/\/triana.salesianos.edu\/colegio\/wp-json\/wp\/v2\/media\/8662"}],"wp:attachment":[{"href":"https:\/\/triana.salesianos.edu\/colegio\/wp-json\/wp\/v2\/media?parent=8661"}],"wp:term":[{"taxonomy":"category","embeddable":true,"href":"https:\/\/triana.salesianos.edu\/colegio\/wp-json\/wp\/v2\/categories?post=8661"},{"taxonomy":"post_tag","embeddable":true,"href":"https:\/\/triana.salesianos.edu\/colegio\/wp-json\/wp\/v2\/tags?post=8661"}],"curies":[{"name":"wp","href":"https:\/\/api.w.org\/{rel}","templated":true}]}}