{"id":25399,"date":"2026-07-01T14:51:36","date_gmt":"2026-07-01T13:51:36","guid":{"rendered":"https:\/\/triana.salesianos.edu\/colegio\/?p=25399"},"modified":"2026-07-01T14:51:36","modified_gmt":"2026-07-01T13:51:36","slug":"salesianos-triana-consolida-su-huella-en-europa-2","status":"publish","type":"post","link":"https:\/\/triana.salesianos.edu\/colegio\/blog\/2026\/07\/01\/salesianos-triana-consolida-su-huella-en-europa-2\/","title":{"rendered":"Salesianos Triana consolida su huella en Europa"},"content":{"rendered":"<div id=\"fb-root\"><\/div>\n<p>[et_pb_section fb_built=\u00bb1&#8243; fullwidth=\u00bbon\u00bb admin_label=\u00bbSecci\u00f3n\u00bb _builder_version=\u00bb4.16&#8243; global_colors_info=\u00bb{}\u00bb][et_pb_fullwidth_header title=\u00bbSalesianos Triana consolida su huella en Europa\u00bb content_max_width=\u00bbnone\u00bb title_font_color=\u00bb#ffffff\u00bb admin_label=\u00bbT\u00edtulo de anchura completa\u00bb module_class=\u00bbpagina-imagen-cabecera\u00bb _builder_version=\u00bb4.27.6&#8243; title_text_color=\u00bb#ffffff\u00bb title_font_size=\u00bb40px\u00bb background_color=\u00bb#E02B20&#8243; background_image=\u00bbhttp:\/\/webpiloto.salesianos.edu\/wp-content\/uploads\/2017\/02\/ImagenPAGINA01.png\u00bb background_layout=\u00bblight\u00bb background_url=\u00bbhttp:\/\/webpiloto.salesianos.edu\/wp-content\/uploads\/2017\/02\/ImagenPAGINA01.png\u00bb button_one_letter_spacing_hover=\u00bb0&#8243; button_two_letter_spacing_hover=\u00bb0&#8243; global_colors_info=\u00bb{}\u00bb button_one_text_size__hover_enabled=\u00bboff\u00bb button_two_text_size__hover_enabled=\u00bboff\u00bb button_one_text_color__hover_enabled=\u00bboff\u00bb button_two_text_color__hover_enabled=\u00bboff\u00bb button_one_border_width__hover_enabled=\u00bboff\u00bb button_two_border_width__hover_enabled=\u00bboff\u00bb button_one_border_color__hover_enabled=\u00bboff\u00bb button_two_border_color__hover_enabled=\u00bboff\u00bb button_one_border_radius__hover_enabled=\u00bboff\u00bb button_two_border_radius__hover_enabled=\u00bboff\u00bb button_one_letter_spacing__hover_enabled=\u00bbon\u00bb button_one_letter_spacing__hover=\u00bb0&#8243; button_two_letter_spacing__hover_enabled=\u00bbon\u00bb button_two_letter_spacing__hover=\u00bb0&#8243; button_one_bg_color__hover_enabled=\u00bboff\u00bb button_two_bg_color__hover_enabled=\u00bboff\u00bb][\/et_pb_fullwidth_header][\/et_pb_section][et_pb_section fb_built=\u00bb1&#8243; admin_label=\u00bbSecci\u00f3n\u00bb module_class=\u00bbpagina-seccion-contenido\u00bb _builder_version=\u00bb4.16&#8243; custom_padding=\u00bb-4%|||\u00bb transparent_background=\u00bboff\u00bb make_fullwidth=\u00bboff\u00bb use_custom_width=\u00bboff\u00bb width_unit=\u00bbon\u00bb global_colors_info=\u00bb{}\u00bb][et_pb_row admin_label=\u00bbFila\u00bb module_class=\u00bbpagina-texto\u00bb _builder_version=\u00bb4.16&#8243; background_size=\u00bbinitial\u00bb background_position=\u00bbtop_left\u00bb background_repeat=\u00bbrepeat\u00bb make_fullwidth=\u00bboff\u00bb use_custom_width=\u00bboff\u00bb width_unit=\u00bbon\u00bb global_colors_info=\u00bb{}\u00bb][et_pb_column type=\u00bb4_4&#8243; _builder_version=\u00bb4.16&#8243; custom_padding=\u00bb|||\u00bb global_colors_info=\u00bb{}\u00bb custom_padding__hover=\u00bb|||\u00bb][et_pb_text admin_label=\u00bbTexto\u00bb _builder_version=\u00bb4.27.6&#8243; background_size=\u00bbinitial\u00bb background_position=\u00bbtop_left\u00bb background_repeat=\u00bbrepeat\u00bb use_border_color=\u00bboff\u00bb border_color=\u00bb#ffffff\u00bb border_style=\u00bbsolid\u00bb global_colors_info=\u00bb{}\u00bb]<\/p>\n<p>El Colegio Salesiano San Pedro (Salesianos Triana) cierra el curso acad\u00e9mico 2025-2026 con un balance excepcional en el desarrollo de sus programas internacionales. Bajo el lema \u00abEnriqueciendo vidas, abriendo mentes\u00bb de Erasmus+, el centro ha transformado las aulas en un campus global e interconectado, implicando directamente a tres etapas educativas: Infantil\/Primaria, Secundaria\/Bachillerato y Formaci\u00f3n Profesional.<\/p>\n<p>El impacto en cifras: Europa es nuestra aula A lo largo de este curso acad\u00e9mico, las sinergias internacionales del colegio han conectado a 6 naciones europeas: Francia, Alemania, Finlandia, Polonia, Italia y Hungr\u00eda.<\/p>\n<p>La magnitud del proyecto se refleja en los datos de movilidad tanto de salida como de acogida :<\/p>\n<p>Movilidad Exterior: Un total de 56 participantes (34 alumnos de Secundaria y Bachillerato, 21 alumnos de Formaci\u00f3n Profesional y la coordinadora de programas del centro) han cruzado fronteras para vivir experiencias de inmersi\u00f3n formativa.<\/p>\n<p>Ecosistema de Acogida: Las aulas de Triana se han convertido en un punto de encuentro internacional al recibir a m\u00e1s de 60 visitantes europeos, repartidos entre 21 docentes (procedentes de Alemania y Polonia) y m\u00e1s de 37 alumnos (de Finlandia, Francia y Polonia).<\/p>\n<p>El valor de la hospitalidad: el motor del proyecto Detr\u00e1s de este gran despliegue log\u00edstico y educativo hay una pieza clave que el centro quiere reconocer de manera especial: las Familias de Acogida. Como destaca el propio equipo de coordinaci\u00f3n del centro: \u00abLa verdadera internacionalizaci\u00f3n no requiere un pasaporte; ocurre en la mesa de nuestras casas\u00bb. Su hospitalidad, unida al compromiso del profesorado acompa\u00f1ante, ha hecho posible un a\u00f1o de convivencia inolvidable, enriqueciendo no solo el est\u00e1ndar acad\u00e9mico, sino tambi\u00e9n el crecimiento humano de toda la comunidad de Salesianos Triana.<\/p>\n<p>\u00a1Mirando hacia el futuro! Este curso nos ha demostrado que las fronteras no existen cuando hay ganas de aprender, compartir y crecer juntos. Ha sido un a\u00f1o intenso, lleno de aeropuertos, reencuentros, nuevas amistades y un aprendizaje que nuestros alumnos y profesores se llevan para toda la vida.<\/p>\n<p>Ponemos el broche de oro a este a\u00f1o, pero la aventura no termina aqu\u00ed. Ya estamos recargando las pilas, preparando nuevos proyectos y dise\u00f1ando las pr\u00f3ximas movilizaciones. \u00a1Afrontamos el pr\u00f3ximo curso con much\u00edsima ilusi\u00f3n y con el firme objetivo de seguir abriendo las puertas de nuestro centro a toda Europa!<\/p>\n<p>\u00a1Feliz descanso y nos vemos a la vuelta para seguir haciendo Europa juntos!<\/p>\n<p>[\/et_pb_text][\/et_pb_column][\/et_pb_row][et_pb_row _builder_version=\u00bb4.27.6&#8243; _module_preset=\u00bbdefault\u00bb global_colors_info=\u00bb{}\u00bb][et_pb_column type=\u00bb4_4&#8243; _builder_version=\u00bb4.27.6&#8243; _module_preset=\u00bbdefault\u00bb global_colors_info=\u00bb{}\u00bb][et_pb_video src=\u00bbhttps:\/\/triana.salesianos.edu\/wp-content\/uploads\/2026\/07\/Video-resumen-Erasmus-25-26-1-Irene-Prieto-Ortiz.mp4&#8243; _builder_version=\u00bb4.27.6&#8243; _module_preset=\u00bbdefault\u00bb global_colors_info=\u00bb{}\u00bb][\/et_pb_video][\/et_pb_column][\/et_pb_row][\/et_pb_section]<\/p>\n","protected":false},"excerpt":{"rendered":"<p>El Colegio Salesiano San Pedro (Salesianos Triana) cierra el curso acad\u00e9mico 2025-2026 con un balance excepcional en el desarrollo de sus programas internacionales. Bajo el lema \u00abEnriqueciendo vidas, abriendo mentes\u00bb de Erasmus+, el centro ha transformado las aulas en un campus global e interconectado, implicando directamente a tres etapas educativas: Infantil\/Primaria, Secundaria\/Bachillerato y Formaci\u00f3n Profesional. [&hellip;]<\/p>\n","protected":false},"author":3,"featured_media":0,"comment_status":"open","ping_status":"open","sticky":false,"template":"","format":"standard","meta":{"_et_pb_use_builder":"on","_et_pb_old_content":"","_et_gb_content_width":"","footnotes":""},"categories":[20,21,27,22,14,16,34,18,19,1],"tags":[],"class_list":["post-25399","post","type-post","status-publish","format-standard","hentry","category-bachillerato","category-ccff","category-colegio","category-erasmus","category-infantil","category-portada","category-portada-imagen","category-primaria","category-secundaria","category-uncategorized"],"yoast_head":"<!-- This site is optimized with the Yoast SEO plugin v28.3 - https:\/\/yoast.com\/product\/yoast-seo-wordpress\/ -->\n<title>Salesianos Triana consolida su huella en Europa - Colegio Salesiano San Pedro<\/title>\n<meta name=\"robots\" content=\"noindex, follow\" \/>\n<meta property=\"og:locale\" content=\"es_ES\" \/>\n<meta property=\"og:type\" content=\"article\" \/>\n<meta property=\"og:title\" content=\"Salesianos Triana consolida su huella en Europa - Colegio Salesiano San Pedro\" \/>\n<meta property=\"og:description\" content=\"El Colegio Salesiano San Pedro (Salesianos Triana) cierra el curso acad\u00e9mico 2025-2026 con un balance excepcional en el desarrollo de sus programas internacionales. Bajo el lema &quot;Enriqueciendo vidas, abriendo mentes&quot; de Erasmus+, el centro ha transformado las aulas en un campus global e interconectado, implicando directamente a tres etapas educativas: Infantil\/Primaria, Secundaria\/Bachillerato y Formaci\u00f3n Profesional. [&hellip;]\" \/>\n<meta property=\"og:url\" content=\"https:\/\/triana.salesianos.edu\/colegio\/blog\/2026\/07\/01\/salesianos-triana-consolida-su-huella-en-europa-2\/\" \/>\n<meta property=\"og:site_name\" content=\"Colegio Salesiano San Pedro\" \/>\n<meta property=\"article:published_time\" content=\"2026-07-01T13:51:36+00:00\" \/>\n<meta name=\"author\" content=\"Gestor Web\" \/>\n<meta name=\"twitter:card\" content=\"summary_large_image\" \/>\n<meta name=\"twitter:label1\" content=\"Escrito por\" \/>\n\t<meta name=\"twitter:data1\" content=\"Gestor Web\" \/>\n\t<meta name=\"twitter:label2\" content=\"Tiempo de lectura\" \/>\n\t<meta name=\"twitter:data2\" content=\"4 minutos\" \/>\n<script type=\"application\/ld+json\" class=\"yoast-schema-graph\">{\"@context\":\"https:\\\/\\\/schema.org\",\"@graph\":[{\"@type\":\"Article\",\"@id\":\"https:\\\/\\\/triana.salesianos.edu\\\/colegio\\\/blog\\\/2026\\\/07\\\/01\\\/salesianos-triana-consolida-su-huella-en-europa-2\\\/#article\",\"isPartOf\":{\"@id\":\"https:\\\/\\\/triana.salesianos.edu\\\/colegio\\\/blog\\\/2026\\\/07\\\/01\\\/salesianos-triana-consolida-su-huella-en-europa-2\\\/\"},\"author\":{\"name\":\"Gestor Web\",\"@id\":\"https:\\\/\\\/triana.salesianos.edu\\\/colegio\\\/#\\\/schema\\\/person\\\/ac56d09b53320706efba5d42fa54fa77\"},\"headline\":\"Salesianos Triana consolida su huella en Europa\",\"datePublished\":\"2026-07-01T13:51:36+00:00\",\"mainEntityOfPage\":{\"@id\":\"https:\\\/\\\/triana.salesianos.edu\\\/colegio\\\/blog\\\/2026\\\/07\\\/01\\\/salesianos-triana-consolida-su-huella-en-europa-2\\\/\"},\"wordCount\":799,\"commentCount\":0,\"articleSection\":[\"Bachillerato\",\"Ciclos Formativos\",\"Colegio\",\"Erasmus+\",\"Infantil\",\"Portada\",\"Portada Imagen\",\"Primaria\",\"Secundaria\",\"Uncategorized\"],\"inLanguage\":\"es\",\"potentialAction\":[{\"@type\":\"CommentAction\",\"name\":\"Comment\",\"target\":[\"https:\\\/\\\/triana.salesianos.edu\\\/colegio\\\/blog\\\/2026\\\/07\\\/01\\\/salesianos-triana-consolida-su-huella-en-europa-2\\\/#respond\"]}]},{\"@type\":\"WebPage\",\"@id\":\"https:\\\/\\\/triana.salesianos.edu\\\/colegio\\\/blog\\\/2026\\\/07\\\/01\\\/salesianos-triana-consolida-su-huella-en-europa-2\\\/\",\"url\":\"https:\\\/\\\/triana.salesianos.edu\\\/colegio\\\/blog\\\/2026\\\/07\\\/01\\\/salesianos-triana-consolida-su-huella-en-europa-2\\\/\",\"name\":\"Salesianos Triana consolida su huella en Europa - Colegio Salesiano San Pedro\",\"isPartOf\":{\"@id\":\"https:\\\/\\\/triana.salesianos.edu\\\/colegio\\\/#website\"},\"datePublished\":\"2026-07-01T13:51:36+00:00\",\"author\":{\"@id\":\"https:\\\/\\\/triana.salesianos.edu\\\/colegio\\\/#\\\/schema\\\/person\\\/ac56d09b53320706efba5d42fa54fa77\"},\"breadcrumb\":{\"@id\":\"https:\\\/\\\/triana.salesianos.edu\\\/colegio\\\/blog\\\/2026\\\/07\\\/01\\\/salesianos-triana-consolida-su-huella-en-europa-2\\\/#breadcrumb\"},\"inLanguage\":\"es\",\"potentialAction\":[{\"@type\":\"ReadAction\",\"target\":[\"https:\\\/\\\/triana.salesianos.edu\\\/colegio\\\/blog\\\/2026\\\/07\\\/01\\\/salesianos-triana-consolida-su-huella-en-europa-2\\\/\"]}]},{\"@type\":\"BreadcrumbList\",\"@id\":\"https:\\\/\\\/triana.salesianos.edu\\\/colegio\\\/blog\\\/2026\\\/07\\\/01\\\/salesianos-triana-consolida-su-huella-en-europa-2\\\/#breadcrumb\",\"itemListElement\":[{\"@type\":\"ListItem\",\"position\":1,\"name\":\"Portada\",\"item\":\"https:\\\/\\\/triana.salesianos.edu\\\/colegio\\\/\"},{\"@type\":\"ListItem\",\"position\":2,\"name\":\"Salesianos Triana consolida su huella en Europa\"}]},{\"@type\":\"WebSite\",\"@id\":\"https:\\\/\\\/triana.salesianos.edu\\\/colegio\\\/#website\",\"url\":\"https:\\\/\\\/triana.salesianos.edu\\\/colegio\\\/\",\"name\":\"Colegio Salesiano San Pedro\",\"description\":\"P\u00e1gina oficial Salesianos Triana Sevilla\",\"potentialAction\":[{\"@type\":\"SearchAction\",\"target\":{\"@type\":\"EntryPoint\",\"urlTemplate\":\"https:\\\/\\\/triana.salesianos.edu\\\/colegio\\\/?s={search_term_string}\"},\"query-input\":{\"@type\":\"PropertyValueSpecification\",\"valueRequired\":true,\"valueName\":\"search_term_string\"}}],\"inLanguage\":\"es\"},{\"@type\":\"Person\",\"@id\":\"https:\\\/\\\/triana.salesianos.edu\\\/colegio\\\/#\\\/schema\\\/person\\\/ac56d09b53320706efba5d42fa54fa77\",\"name\":\"Gestor Web\",\"image\":{\"@type\":\"ImageObject\",\"inLanguage\":\"es\",\"@id\":\"https:\\\/\\\/secure.gravatar.com\\\/avatar\\\/2e89c91da47a7fb64ca5f65c45ef901e52d2b7a5c0f7eb1ae1e1c5f1e0c314da?s=96&d=mm&r=g\",\"url\":\"https:\\\/\\\/secure.gravatar.com\\\/avatar\\\/2e89c91da47a7fb64ca5f65c45ef901e52d2b7a5c0f7eb1ae1e1c5f1e0c314da?s=96&d=mm&r=g\",\"contentUrl\":\"https:\\\/\\\/secure.gravatar.com\\\/avatar\\\/2e89c91da47a7fb64ca5f65c45ef901e52d2b7a5c0f7eb1ae1e1c5f1e0c314da?s=96&d=mm&r=g\",\"caption\":\"Gestor Web\"}}]}<\/script>\n<!-- \/ Yoast SEO plugin. -->","yoast_head_json":{"title":"Salesianos Triana consolida su huella en Europa - Colegio Salesiano San Pedro","robots":{"index":"noindex","follow":"follow"},"og_locale":"es_ES","og_type":"article","og_title":"Salesianos Triana consolida su huella en Europa - Colegio Salesiano San Pedro","og_description":"El Colegio Salesiano San Pedro (Salesianos Triana) cierra el curso acad\u00e9mico 2025-2026 con un balance excepcional en el desarrollo de sus programas internacionales. Bajo el lema \"Enriqueciendo vidas, abriendo mentes\" de Erasmus+, el centro ha transformado las aulas en un campus global e interconectado, implicando directamente a tres etapas educativas: Infantil\/Primaria, Secundaria\/Bachillerato y Formaci\u00f3n Profesional. [&hellip;]","og_url":"https:\/\/triana.salesianos.edu\/colegio\/blog\/2026\/07\/01\/salesianos-triana-consolida-su-huella-en-europa-2\/","og_site_name":"Colegio Salesiano San Pedro","article_published_time":"2026-07-01T13:51:36+00:00","author":"Gestor Web","twitter_card":"summary_large_image","twitter_misc":{"Escrito por":"Gestor Web","Tiempo de lectura":"4 minutos"},"schema":{"@context":"https:\/\/schema.org","@graph":[{"@type":"Article","@id":"https:\/\/triana.salesianos.edu\/colegio\/blog\/2026\/07\/01\/salesianos-triana-consolida-su-huella-en-europa-2\/#article","isPartOf":{"@id":"https:\/\/triana.salesianos.edu\/colegio\/blog\/2026\/07\/01\/salesianos-triana-consolida-su-huella-en-europa-2\/"},"author":{"name":"Gestor Web","@id":"https:\/\/triana.salesianos.edu\/colegio\/#\/schema\/person\/ac56d09b53320706efba5d42fa54fa77"},"headline":"Salesianos Triana consolida su huella en Europa","datePublished":"2026-07-01T13:51:36+00:00","mainEntityOfPage":{"@id":"https:\/\/triana.salesianos.edu\/colegio\/blog\/2026\/07\/01\/salesianos-triana-consolida-su-huella-en-europa-2\/"},"wordCount":799,"commentCount":0,"articleSection":["Bachillerato","Ciclos Formativos","Colegio","Erasmus+","Infantil","Portada","Portada Imagen","Primaria","Secundaria","Uncategorized"],"inLanguage":"es","potentialAction":[{"@type":"CommentAction","name":"Comment","target":["https:\/\/triana.salesianos.edu\/colegio\/blog\/2026\/07\/01\/salesianos-triana-consolida-su-huella-en-europa-2\/#respond"]}]},{"@type":"WebPage","@id":"https:\/\/triana.salesianos.edu\/colegio\/blog\/2026\/07\/01\/salesianos-triana-consolida-su-huella-en-europa-2\/","url":"https:\/\/triana.salesianos.edu\/colegio\/blog\/2026\/07\/01\/salesianos-triana-consolida-su-huella-en-europa-2\/","name":"Salesianos Triana consolida su huella en Europa - Colegio Salesiano San Pedro","isPartOf":{"@id":"https:\/\/triana.salesianos.edu\/colegio\/#website"},"datePublished":"2026-07-01T13:51:36+00:00","author":{"@id":"https:\/\/triana.salesianos.edu\/colegio\/#\/schema\/person\/ac56d09b53320706efba5d42fa54fa77"},"breadcrumb":{"@id":"https:\/\/triana.salesianos.edu\/colegio\/blog\/2026\/07\/01\/salesianos-triana-consolida-su-huella-en-europa-2\/#breadcrumb"},"inLanguage":"es","potentialAction":[{"@type":"ReadAction","target":["https:\/\/triana.salesianos.edu\/colegio\/blog\/2026\/07\/01\/salesianos-triana-consolida-su-huella-en-europa-2\/"]}]},{"@type":"BreadcrumbList","@id":"https:\/\/triana.salesianos.edu\/colegio\/blog\/2026\/07\/01\/salesianos-triana-consolida-su-huella-en-europa-2\/#breadcrumb","itemListElement":[{"@type":"ListItem","position":1,"name":"Portada","item":"https:\/\/triana.salesianos.edu\/colegio\/"},{"@type":"ListItem","position":2,"name":"Salesianos Triana consolida su huella en Europa"}]},{"@type":"WebSite","@id":"https:\/\/triana.salesianos.edu\/colegio\/#website","url":"https:\/\/triana.salesianos.edu\/colegio\/","name":"Colegio Salesiano San Pedro","description":"P\u00e1gina oficial Salesianos Triana Sevilla","potentialAction":[{"@type":"SearchAction","target":{"@type":"EntryPoint","urlTemplate":"https:\/\/triana.salesianos.edu\/colegio\/?s={search_term_string}"},"query-input":{"@type":"PropertyValueSpecification","valueRequired":true,"valueName":"search_term_string"}}],"inLanguage":"es"},{"@type":"Person","@id":"https:\/\/triana.salesianos.edu\/colegio\/#\/schema\/person\/ac56d09b53320706efba5d42fa54fa77","name":"Gestor Web","image":{"@type":"ImageObject","inLanguage":"es","@id":"https:\/\/secure.gravatar.com\/avatar\/2e89c91da47a7fb64ca5f65c45ef901e52d2b7a5c0f7eb1ae1e1c5f1e0c314da?s=96&d=mm&r=g","url":"https:\/\/secure.gravatar.com\/avatar\/2e89c91da47a7fb64ca5f65c45ef901e52d2b7a5c0f7eb1ae1e1c5f1e0c314da?s=96&d=mm&r=g","contentUrl":"https:\/\/secure.gravatar.com\/avatar\/2e89c91da47a7fb64ca5f65c45ef901e52d2b7a5c0f7eb1ae1e1c5f1e0c314da?s=96&d=mm&r=g","caption":"Gestor Web"}}]}},"_links":{"self":[{"href":"https:\/\/triana.salesianos.edu\/colegio\/wp-json\/wp\/v2\/posts\/25399","targetHints":{"allow":["GET"]}}],"collection":[{"href":"https:\/\/triana.salesianos.edu\/colegio\/wp-json\/wp\/v2\/posts"}],"about":[{"href":"https:\/\/triana.salesianos.edu\/colegio\/wp-json\/wp\/v2\/types\/post"}],"author":[{"embeddable":true,"href":"https:\/\/triana.salesianos.edu\/colegio\/wp-json\/wp\/v2\/users\/3"}],"replies":[{"embeddable":true,"href":"https:\/\/triana.salesianos.edu\/colegio\/wp-json\/wp\/v2\/comments?post=25399"}],"version-history":[{"count":1,"href":"https:\/\/triana.salesianos.edu\/colegio\/wp-json\/wp\/v2\/posts\/25399\/revisions"}],"predecessor-version":[{"id":25401,"href":"https:\/\/triana.salesianos.edu\/colegio\/wp-json\/wp\/v2\/posts\/25399\/revisions\/25401"}],"wp:attachment":[{"href":"https:\/\/triana.salesianos.edu\/colegio\/wp-json\/wp\/v2\/media?parent=25399"}],"wp:term":[{"taxonomy":"category","embeddable":true,"href":"https:\/\/triana.salesianos.edu\/colegio\/wp-json\/wp\/v2\/categories?post=25399"},{"taxonomy":"post_tag","embeddable":true,"href":"https:\/\/triana.salesianos.edu\/colegio\/wp-json\/wp\/v2\/tags?post=25399"}],"curies":[{"name":"wp","href":"https:\/\/api.w.org\/{rel}","templated":true}]}}