{"id":25345,"date":"2026-05-11T13:55:16","date_gmt":"2026-05-11T12:55:16","guid":{"rendered":"https:\/\/triana.salesianos.edu\/colegio\/?p=25345"},"modified":"2026-05-11T13:55:16","modified_gmt":"2026-05-11T12:55:16","slug":"xlviii-pregon-de-las-glorias-de-maria-auxiliadora","status":"publish","type":"post","link":"https:\/\/triana.salesianos.edu\/colegio\/blog\/2026\/05\/11\/xlviii-pregon-de-las-glorias-de-maria-auxiliadora\/","title":{"rendered":"XLVIII PREG\u00d3N DE LAS GLORIAS DE MAR\u00cdA AUXILIADORA"},"content":{"rendered":"<div id=\"fb-root\"><\/div>\n<p>[et_pb_section fb_built=\u00bb1&#8243; fullwidth=\u00bbon\u00bb admin_label=\u00bbSecci\u00f3n\u00bb _builder_version=\u00bb4.16&#8243; global_colors_info=\u00bb{}\u00bb][et_pb_fullwidth_header title=\u00bbXLVIII PREG\u00d3N DE LAS GLORIAS DE MAR\u00cdA AUXILIADORA\u00bb content_max_width=\u00bbnone\u00bb title_font_color=\u00bb#ffffff\u00bb admin_label=\u00bbT\u00edtulo de anchura completa\u00bb module_class=\u00bbpagina-imagen-cabecera\u00bb _builder_version=\u00bb4.27.4&#8243; title_text_color=\u00bb#ffffff\u00bb title_font_size=\u00bb40px\u00bb background_color=\u00bb#E02B20&#8243; background_image=\u00bbhttp:\/\/webpiloto.salesianos.edu\/wp-content\/uploads\/2017\/02\/ImagenPAGINA01.png\u00bb background_layout=\u00bblight\u00bb background_url=\u00bbhttp:\/\/webpiloto.salesianos.edu\/wp-content\/uploads\/2017\/02\/ImagenPAGINA01.png\u00bb button_one_letter_spacing_hover=\u00bb0&#8243; button_two_letter_spacing_hover=\u00bb0&#8243; global_colors_info=\u00bb{}\u00bb button_one_text_size__hover_enabled=\u00bboff\u00bb button_two_text_size__hover_enabled=\u00bboff\u00bb button_one_text_color__hover_enabled=\u00bboff\u00bb button_two_text_color__hover_enabled=\u00bboff\u00bb button_one_border_width__hover_enabled=\u00bboff\u00bb button_two_border_width__hover_enabled=\u00bboff\u00bb button_one_border_color__hover_enabled=\u00bboff\u00bb button_two_border_color__hover_enabled=\u00bboff\u00bb button_one_border_radius__hover_enabled=\u00bboff\u00bb button_two_border_radius__hover_enabled=\u00bboff\u00bb button_one_letter_spacing__hover_enabled=\u00bbon\u00bb button_one_letter_spacing__hover=\u00bb0&#8243; button_two_letter_spacing__hover_enabled=\u00bbon\u00bb button_two_letter_spacing__hover=\u00bb0&#8243; button_one_bg_color__hover_enabled=\u00bboff\u00bb button_two_bg_color__hover_enabled=\u00bboff\u00bb][\/et_pb_fullwidth_header][\/et_pb_section][et_pb_section fb_built=\u00bb1&#8243; admin_label=\u00bbSecci\u00f3n\u00bb module_class=\u00bbpagina-seccion-contenido\u00bb _builder_version=\u00bb4.16&#8243; custom_padding=\u00bb-4%|||\u00bb transparent_background=\u00bboff\u00bb make_fullwidth=\u00bboff\u00bb use_custom_width=\u00bboff\u00bb width_unit=\u00bbon\u00bb global_colors_info=\u00bb{}\u00bb][et_pb_row admin_label=\u00bbFila\u00bb module_class=\u00bbpagina-texto\u00bb _builder_version=\u00bb4.16&#8243; background_size=\u00bbinitial\u00bb background_position=\u00bbtop_left\u00bb background_repeat=\u00bbrepeat\u00bb make_fullwidth=\u00bboff\u00bb use_custom_width=\u00bboff\u00bb width_unit=\u00bbon\u00bb global_colors_info=\u00bb{}\u00bb][et_pb_column type=\u00bb4_4&#8243; _builder_version=\u00bb4.16&#8243; custom_padding=\u00bb|||\u00bb global_colors_info=\u00bb{}\u00bb custom_padding__hover=\u00bb|||\u00bb][et_pb_text admin_label=\u00bbTexto\u00bb _builder_version=\u00bb4.27.4&#8243; background_size=\u00bbinitial\u00bb background_position=\u00bbtop_left\u00bb background_repeat=\u00bbrepeat\u00bb use_border_color=\u00bboff\u00bb border_color=\u00bb#ffffff\u00bb border_style=\u00bbsolid\u00bb global_colors_info=\u00bb{}\u00bb]<\/p>\n<p class=\"isSelectedEnd\">En la tarde de ayer, 10 de mayo, nuestra casa salesiana vivi\u00f3 uno de esos momentos que quedan grabados para siempre en el coraz\u00f3n de toda la familia salesiana con la celebraci\u00f3n del XLVIII Preg\u00f3n de las Glorias de Mar\u00eda Auxiliadora, un acto cargado de emoci\u00f3n, fe, recuerdos y amor profundo a nuestra Madre.<\/p>\n<p class=\"isSelectedEnd\">El teatro de nuestro colegio acogi\u00f3 este entra\u00f1able acontecimiento que reuni\u00f3 a numerosos miembros de la comunidad educativa, antiguos alumnos, familias, devotos y vecinos del barrio de Triana, todos unidos por el cari\u00f1o y la devoci\u00f3n a Mar\u00eda Auxiliadora.<\/p>\n<p>El acto dio comienzo de una manera solemne y emotiva con la interpretaci\u00f3n de la marcha procesional \u201cT\u00fa, mi Auxiliadora\u201d, obra de D. Fulgencio Mor\u00f3n R\u00f3denas, interpretada magistralmente por la Banda Municipal de M\u00fasica Fernando Guerrero, que llen\u00f3 el teatro de sentimiento desde los primeros compases.<\/p>\n<p>[\/et_pb_text][\/et_pb_column][\/et_pb_row][et_pb_row column_structure=\u00bb1_2,1_2&#8243; _builder_version=\u00bb4.27.4&#8243; _module_preset=\u00bbdefault\u00bb global_colors_info=\u00bb{}\u00bb][et_pb_column type=\u00bb1_2&#8243; _builder_version=\u00bb4.27.4&#8243; _module_preset=\u00bbdefault\u00bb global_colors_info=\u00bb{}\u00bb][et_pb_image src=\u00bbhttps:\/\/triana.salesianos.edu\/wp-content\/uploads\/2026\/05\/2.png\u00bb title_text=\u00bb2&#8243; _builder_version=\u00bb4.27.4&#8243; _module_preset=\u00bbdefault\u00bb global_colors_info=\u00bb{}\u00bb][\/et_pb_image][\/et_pb_column][et_pb_column type=\u00bb1_2&#8243; _builder_version=\u00bb4.27.4&#8243; _module_preset=\u00bbdefault\u00bb global_colors_info=\u00bb{}\u00bb][et_pb_image src=\u00bbhttps:\/\/triana.salesianos.edu\/wp-content\/uploads\/2026\/05\/6.png\u00bb title_text=\u00bb6&#8243; _builder_version=\u00bb4.27.4&#8243; _module_preset=\u00bbdefault\u00bb global_colors_info=\u00bb{}\u00bb][\/et_pb_image][\/et_pb_column][\/et_pb_row][et_pb_row _builder_version=\u00bb4.27.4&#8243; _module_preset=\u00bbdefault\u00bb global_colors_info=\u00bb{}\u00bb][et_pb_column type=\u00bb4_4&#8243; _builder_version=\u00bb4.27.4&#8243; _module_preset=\u00bbdefault\u00bb global_colors_info=\u00bb{}\u00bb][et_pb_text _builder_version=\u00bb4.27.4&#8243; _module_preset=\u00bbdefault\u00bb global_colors_info=\u00bb{}\u00bb]<\/p>\n<p class=\"isSelectedEnd\">Tras esta apertura musical tom\u00f3 la palabra nuestro director, D. Francisco Jos\u00e9 P\u00e9rez Camacho, quien fue el encargado de presentar el acto con unas emotivas palabras en las que destac\u00f3 la importancia de Mar\u00eda Auxiliadora en nuestra casa y el significado tan especial que tiene este tiempo para toda la familia salesiana.<\/p>\n<p>Posteriormente son\u00f3 la marcha procesional \u201cA esta es, Auxiliadora\u201d, de D. Pedro Bra\u00f1a Mart\u00ednez, en lo que supuso un reestreno hist\u00f3rico de esta composici\u00f3n de 1987, un momento especialmente significativo y emotivo para todos los asistentes.<\/p>\n<p>[\/et_pb_text][\/et_pb_column][\/et_pb_row][et_pb_row column_structure=\u00bb1_2,1_2&#8243; _builder_version=\u00bb4.27.4&#8243; _module_preset=\u00bbdefault\u00bb global_colors_info=\u00bb{}\u00bb][et_pb_column type=\u00bb1_2&#8243; _builder_version=\u00bb4.27.4&#8243; _module_preset=\u00bbdefault\u00bb global_colors_info=\u00bb{}\u00bb][et_pb_image _builder_version=\u00bb4.27.4&#8243; _module_preset=\u00bbdefault\u00bb hover_enabled=\u00bb0&#8243; global_colors_info=\u00bb{}\u00bb title_text=\u00bb5&#8243; src=\u00bbhttps:\/\/triana.salesianos.edu\/wp-content\/uploads\/2026\/05\/5.png\u00bb sticky_enabled=\u00bb0&#8243;][\/et_pb_image][\/et_pb_column][et_pb_column type=\u00bb1_2&#8243; _builder_version=\u00bb4.27.4&#8243; _module_preset=\u00bbdefault\u00bb global_colors_info=\u00bb{}\u00bb][et_pb_image _builder_version=\u00bb4.27.4&#8243; _module_preset=\u00bbdefault\u00bb title_text=\u00bb4&#8243; src=\u00bbhttps:\/\/triana.salesianos.edu\/wp-content\/uploads\/2026\/05\/4.png\u00bb hover_enabled=\u00bb0&#8243; sticky_enabled=\u00bb0&#8243;][\/et_pb_image][\/et_pb_column][\/et_pb_row][et_pb_row _builder_version=\u00bb4.27.4&#8243; _module_preset=\u00bbdefault\u00bb][et_pb_column _builder_version=\u00bb4.27.4&#8243; _module_preset=\u00bbdefault\u00bb type=\u00bb4_4&#8243;][et_pb_text _builder_version=\u00bb4.27.4&#8243; _module_preset=\u00bbdefault\u00bb hover_enabled=\u00bb0&#8243; sticky_enabled=\u00bb0&#8243;]<\/p>\n<p class=\"isSelectedEnd\">Lleg\u00f3 entonces el turno de nuestra pregonera, D\u00aa Mar\u00eda de los Reyes Robledo Castizo, quien emocion\u00f3 profundamente a todos los presentes con un preg\u00f3n lleno de vivencias, sentimientos, recuerdos y agradecimientos. Sus palabras supieron transmitir el sentir de todo el barrio de Triana hacia Mar\u00eda Auxiliadora, reflejando la devoci\u00f3n y el cari\u00f1o que tantas generaciones han profesado a nuestra Madre.<\/p>\n<p>Durante su intervenci\u00f3n realiz\u00f3 un recorrido lleno de emoci\u00f3n por distintos momentos y tradiciones vinculadas a Mar\u00eda Auxiliadora, desde las ofrendas a la Virgen hasta la novena y el rezo del Santo Rosario, evocando recuerdos y sentimientos compartidos por todos los asistentes.<\/p>\n<p>[\/et_pb_text][\/et_pb_column][\/et_pb_row][et_pb_row _builder_version=\u00bb4.27.4&#8243; _module_preset=\u00bbdefault\u00bb column_structure=\u00bb1_2,1_2&#8243;][et_pb_column _builder_version=\u00bb4.27.4&#8243; _module_preset=\u00bbdefault\u00bb type=\u00bb1_2&#8243;][et_pb_image _builder_version=\u00bb4.27.4&#8243; _module_preset=\u00bbdefault\u00bb title_text=\u00bb8&#8243; src=\u00bbhttps:\/\/triana.salesianos.edu\/wp-content\/uploads\/2026\/05\/8.png\u00bb hover_enabled=\u00bb0&#8243; sticky_enabled=\u00bb0&#8243;][\/et_pb_image][\/et_pb_column][et_pb_column _builder_version=\u00bb4.27.4&#8243; _module_preset=\u00bbdefault\u00bb type=\u00bb1_2&#8243;][et_pb_image _builder_version=\u00bb4.27.4&#8243; _module_preset=\u00bbdefault\u00bb title_text=\u00bb3&#8243; src=\u00bbhttps:\/\/triana.salesianos.edu\/wp-content\/uploads\/2026\/05\/3.png\u00bb hover_enabled=\u00bb0&#8243; sticky_enabled=\u00bb0&#8243;][\/et_pb_image][\/et_pb_column][\/et_pb_row][et_pb_row _builder_version=\u00bb4.27.4&#8243; _module_preset=\u00bbdefault\u00bb][et_pb_column _builder_version=\u00bb4.27.4&#8243; _module_preset=\u00bbdefault\u00bb type=\u00bb4_4&#8243;][et_pb_text _builder_version=\u00bb4.27.4&#8243; _module_preset=\u00bbdefault\u00bb hover_enabled=\u00bb0&#8243; sticky_enabled=\u00bb0&#8243;]<\/p>\n<p class=\"isSelectedEnd\">El broche m\u00e1s emotivo lleg\u00f3 en la parte final del preg\u00f3n con la participaci\u00f3n de un grupo de antiguos alumnos y una compa\u00f1era del colegio, quienes acompa\u00f1aron a la pregonera en un cierre cargado de sentimiento y emoci\u00f3n que hizo vibrar a todo el teatro.<\/p>\n<p class=\"isSelectedEnd\">Sin duda, fue un acto inolvidable, repleto de emociones y momentos \u00fanicos que quedar\u00e1 para siempre en el recuerdo de nuestra casa salesiana.<\/p>\n<p>La clausura del acto lleg\u00f3 con la interpretaci\u00f3n del himno de Andaluc\u00eda y el himno de Espa\u00f1a, poniendo el punto final a una jornada llena de fe, tradici\u00f3n y amor a Mar\u00eda Auxiliadora.<\/p>\n<p>[\/et_pb_text][\/et_pb_column][\/et_pb_row][\/et_pb_section]<\/p>\n","protected":false},"excerpt":{"rendered":"<p>En la tarde de ayer, 10 de mayo, nuestra casa salesiana vivi\u00f3 uno de esos momentos que quedan grabados para siempre en el coraz\u00f3n de toda la familia salesiana con la celebraci\u00f3n del XLVIII Preg\u00f3n de las Glorias de Mar\u00eda Auxiliadora, un acto cargado de emoci\u00f3n, fe, recuerdos y amor profundo a nuestra Madre. El [&hellip;]<\/p>\n","protected":false},"author":3,"featured_media":25346,"comment_status":"open","ping_status":"open","sticky":false,"template":"","format":"standard","meta":{"_et_pb_use_builder":"on","_et_pb_old_content":"","_et_gb_content_width":"","footnotes":""},"categories":[30,32,27,35,40,16,34,33,1],"tags":[],"class_list":["post-25345","post","type-post","status-publish","format-standard","has-post-thumbnail","hentry","category-ampa","category-centro-juvenil","category-colegio","category-fasa","category-parroquia","category-portada","category-portada-imagen","category-solidaridad","category-uncategorized"],"yoast_head":"<!-- This site is optimized with the Yoast SEO plugin v28.3 - https:\/\/yoast.com\/product\/yoast-seo-wordpress\/ -->\n<title>XLVIII PREG\u00d3N DE LAS GLORIAS DE MAR\u00cdA AUXILIADORA - Colegio Salesiano San Pedro<\/title>\n<meta name=\"robots\" content=\"noindex, follow\" \/>\n<meta property=\"og:locale\" content=\"es_ES\" \/>\n<meta property=\"og:type\" content=\"article\" \/>\n<meta property=\"og:title\" content=\"XLVIII PREG\u00d3N DE LAS GLORIAS DE MAR\u00cdA AUXILIADORA - Colegio Salesiano San Pedro\" \/>\n<meta property=\"og:description\" content=\"En la tarde de ayer, 10 de mayo, nuestra casa salesiana vivi\u00f3 uno de esos momentos que quedan grabados para siempre en el coraz\u00f3n de toda la familia salesiana con la celebraci\u00f3n del XLVIII Preg\u00f3n de las Glorias de Mar\u00eda Auxiliadora, un acto cargado de emoci\u00f3n, fe, recuerdos y amor profundo a nuestra Madre. El [&hellip;]\" \/>\n<meta property=\"og:url\" content=\"https:\/\/triana.salesianos.edu\/colegio\/blog\/2026\/05\/11\/xlviii-pregon-de-las-glorias-de-maria-auxiliadora\/\" \/>\n<meta property=\"og:site_name\" content=\"Colegio Salesiano San Pedro\" \/>\n<meta property=\"article:published_time\" content=\"2026-05-11T12:55:16+00:00\" \/>\n<meta property=\"og:image\" content=\"https:\/\/triana.salesianos.edu\/colegio\/wp-content\/uploads\/sites\/2\/2026\/05\/8.png\" \/>\n\t<meta property=\"og:image:width\" content=\"1640\" \/>\n\t<meta property=\"og:image:height\" content=\"924\" \/>\n\t<meta property=\"og:image:type\" content=\"image\/png\" \/>\n<meta name=\"author\" content=\"Gestor Web\" \/>\n<meta name=\"twitter:card\" content=\"summary_large_image\" \/>\n<meta name=\"twitter:label1\" content=\"Escrito por\" \/>\n\t<meta name=\"twitter:data1\" content=\"Gestor Web\" \/>\n\t<meta name=\"twitter:label2\" content=\"Tiempo de lectura\" \/>\n\t<meta name=\"twitter:data2\" content=\"6 minutos\" \/>\n<script type=\"application\/ld+json\" class=\"yoast-schema-graph\">{\"@context\":\"https:\\\/\\\/schema.org\",\"@graph\":[{\"@type\":\"Article\",\"@id\":\"https:\\\/\\\/triana.salesianos.edu\\\/colegio\\\/blog\\\/2026\\\/05\\\/11\\\/xlviii-pregon-de-las-glorias-de-maria-auxiliadora\\\/#article\",\"isPartOf\":{\"@id\":\"https:\\\/\\\/triana.salesianos.edu\\\/colegio\\\/blog\\\/2026\\\/05\\\/11\\\/xlviii-pregon-de-las-glorias-de-maria-auxiliadora\\\/\"},\"author\":{\"name\":\"Gestor Web\",\"@id\":\"https:\\\/\\\/triana.salesianos.edu\\\/colegio\\\/#\\\/schema\\\/person\\\/ac56d09b53320706efba5d42fa54fa77\"},\"headline\":\"XLVIII PREG\u00d3N DE LAS GLORIAS DE MAR\u00cdA AUXILIADORA\",\"datePublished\":\"2026-05-11T12:55:16+00:00\",\"mainEntityOfPage\":{\"@id\":\"https:\\\/\\\/triana.salesianos.edu\\\/colegio\\\/blog\\\/2026\\\/05\\\/11\\\/xlviii-pregon-de-las-glorias-de-maria-auxiliadora\\\/\"},\"wordCount\":1213,\"commentCount\":0,\"image\":{\"@id\":\"https:\\\/\\\/triana.salesianos.edu\\\/colegio\\\/blog\\\/2026\\\/05\\\/11\\\/xlviii-pregon-de-las-glorias-de-maria-auxiliadora\\\/#primaryimage\"},\"thumbnailUrl\":\"https:\\\/\\\/triana.salesianos.edu\\\/colegio\\\/wp-content\\\/uploads\\\/sites\\\/2\\\/2026\\\/05\\\/8.png\",\"articleSection\":[\"AMPA\",\"Centro Juvenil\",\"Colegio\",\"Familia Salesiana\",\"Parroquia\",\"Portada\",\"Portada Imagen\",\"Solidaridad\",\"Uncategorized\"],\"inLanguage\":\"es\",\"potentialAction\":[{\"@type\":\"CommentAction\",\"name\":\"Comment\",\"target\":[\"https:\\\/\\\/triana.salesianos.edu\\\/colegio\\\/blog\\\/2026\\\/05\\\/11\\\/xlviii-pregon-de-las-glorias-de-maria-auxiliadora\\\/#respond\"]}]},{\"@type\":\"WebPage\",\"@id\":\"https:\\\/\\\/triana.salesianos.edu\\\/colegio\\\/blog\\\/2026\\\/05\\\/11\\\/xlviii-pregon-de-las-glorias-de-maria-auxiliadora\\\/\",\"url\":\"https:\\\/\\\/triana.salesianos.edu\\\/colegio\\\/blog\\\/2026\\\/05\\\/11\\\/xlviii-pregon-de-las-glorias-de-maria-auxiliadora\\\/\",\"name\":\"XLVIII PREG\u00d3N DE LAS GLORIAS DE MAR\u00cdA AUXILIADORA - Colegio Salesiano San Pedro\",\"isPartOf\":{\"@id\":\"https:\\\/\\\/triana.salesianos.edu\\\/colegio\\\/#website\"},\"primaryImageOfPage\":{\"@id\":\"https:\\\/\\\/triana.salesianos.edu\\\/colegio\\\/blog\\\/2026\\\/05\\\/11\\\/xlviii-pregon-de-las-glorias-de-maria-auxiliadora\\\/#primaryimage\"},\"image\":{\"@id\":\"https:\\\/\\\/triana.salesianos.edu\\\/colegio\\\/blog\\\/2026\\\/05\\\/11\\\/xlviii-pregon-de-las-glorias-de-maria-auxiliadora\\\/#primaryimage\"},\"thumbnailUrl\":\"https:\\\/\\\/triana.salesianos.edu\\\/colegio\\\/wp-content\\\/uploads\\\/sites\\\/2\\\/2026\\\/05\\\/8.png\",\"datePublished\":\"2026-05-11T12:55:16+00:00\",\"author\":{\"@id\":\"https:\\\/\\\/triana.salesianos.edu\\\/colegio\\\/#\\\/schema\\\/person\\\/ac56d09b53320706efba5d42fa54fa77\"},\"breadcrumb\":{\"@id\":\"https:\\\/\\\/triana.salesianos.edu\\\/colegio\\\/blog\\\/2026\\\/05\\\/11\\\/xlviii-pregon-de-las-glorias-de-maria-auxiliadora\\\/#breadcrumb\"},\"inLanguage\":\"es\",\"potentialAction\":[{\"@type\":\"ReadAction\",\"target\":[\"https:\\\/\\\/triana.salesianos.edu\\\/colegio\\\/blog\\\/2026\\\/05\\\/11\\\/xlviii-pregon-de-las-glorias-de-maria-auxiliadora\\\/\"]}]},{\"@type\":\"ImageObject\",\"inLanguage\":\"es\",\"@id\":\"https:\\\/\\\/triana.salesianos.edu\\\/colegio\\\/blog\\\/2026\\\/05\\\/11\\\/xlviii-pregon-de-las-glorias-de-maria-auxiliadora\\\/#primaryimage\",\"url\":\"https:\\\/\\\/triana.salesianos.edu\\\/colegio\\\/wp-content\\\/uploads\\\/sites\\\/2\\\/2026\\\/05\\\/8.png\",\"contentUrl\":\"https:\\\/\\\/triana.salesianos.edu\\\/colegio\\\/wp-content\\\/uploads\\\/sites\\\/2\\\/2026\\\/05\\\/8.png\",\"width\":1640,\"height\":924},{\"@type\":\"BreadcrumbList\",\"@id\":\"https:\\\/\\\/triana.salesianos.edu\\\/colegio\\\/blog\\\/2026\\\/05\\\/11\\\/xlviii-pregon-de-las-glorias-de-maria-auxiliadora\\\/#breadcrumb\",\"itemListElement\":[{\"@type\":\"ListItem\",\"position\":1,\"name\":\"Portada\",\"item\":\"https:\\\/\\\/triana.salesianos.edu\\\/colegio\\\/\"},{\"@type\":\"ListItem\",\"position\":2,\"name\":\"XLVIII PREG\u00d3N DE LAS GLORIAS DE MAR\u00cdA AUXILIADORA\"}]},{\"@type\":\"WebSite\",\"@id\":\"https:\\\/\\\/triana.salesianos.edu\\\/colegio\\\/#website\",\"url\":\"https:\\\/\\\/triana.salesianos.edu\\\/colegio\\\/\",\"name\":\"Colegio Salesiano San Pedro\",\"description\":\"P\u00e1gina oficial Salesianos Triana Sevilla\",\"potentialAction\":[{\"@type\":\"SearchAction\",\"target\":{\"@type\":\"EntryPoint\",\"urlTemplate\":\"https:\\\/\\\/triana.salesianos.edu\\\/colegio\\\/?s={search_term_string}\"},\"query-input\":{\"@type\":\"PropertyValueSpecification\",\"valueRequired\":true,\"valueName\":\"search_term_string\"}}],\"inLanguage\":\"es\"},{\"@type\":\"Person\",\"@id\":\"https:\\\/\\\/triana.salesianos.edu\\\/colegio\\\/#\\\/schema\\\/person\\\/ac56d09b53320706efba5d42fa54fa77\",\"name\":\"Gestor Web\",\"image\":{\"@type\":\"ImageObject\",\"inLanguage\":\"es\",\"@id\":\"https:\\\/\\\/secure.gravatar.com\\\/avatar\\\/2e89c91da47a7fb64ca5f65c45ef901e52d2b7a5c0f7eb1ae1e1c5f1e0c314da?s=96&d=mm&r=g\",\"url\":\"https:\\\/\\\/secure.gravatar.com\\\/avatar\\\/2e89c91da47a7fb64ca5f65c45ef901e52d2b7a5c0f7eb1ae1e1c5f1e0c314da?s=96&d=mm&r=g\",\"contentUrl\":\"https:\\\/\\\/secure.gravatar.com\\\/avatar\\\/2e89c91da47a7fb64ca5f65c45ef901e52d2b7a5c0f7eb1ae1e1c5f1e0c314da?s=96&d=mm&r=g\",\"caption\":\"Gestor Web\"}}]}<\/script>\n<!-- \/ Yoast SEO plugin. -->","yoast_head_json":{"title":"XLVIII PREG\u00d3N DE LAS GLORIAS DE MAR\u00cdA AUXILIADORA - Colegio Salesiano San Pedro","robots":{"index":"noindex","follow":"follow"},"og_locale":"es_ES","og_type":"article","og_title":"XLVIII PREG\u00d3N DE LAS GLORIAS DE MAR\u00cdA AUXILIADORA - Colegio Salesiano San Pedro","og_description":"En la tarde de ayer, 10 de mayo, nuestra casa salesiana vivi\u00f3 uno de esos momentos que quedan grabados para siempre en el coraz\u00f3n de toda la familia salesiana con la celebraci\u00f3n del XLVIII Preg\u00f3n de las Glorias de Mar\u00eda Auxiliadora, un acto cargado de emoci\u00f3n, fe, recuerdos y amor profundo a nuestra Madre. El [&hellip;]","og_url":"https:\/\/triana.salesianos.edu\/colegio\/blog\/2026\/05\/11\/xlviii-pregon-de-las-glorias-de-maria-auxiliadora\/","og_site_name":"Colegio Salesiano San Pedro","article_published_time":"2026-05-11T12:55:16+00:00","og_image":[{"width":1640,"height":924,"url":"https:\/\/triana.salesianos.edu\/colegio\/wp-content\/uploads\/sites\/2\/2026\/05\/8.png","type":"image\/png"}],"author":"Gestor Web","twitter_card":"summary_large_image","twitter_misc":{"Escrito por":"Gestor Web","Tiempo de lectura":"6 minutos"},"schema":{"@context":"https:\/\/schema.org","@graph":[{"@type":"Article","@id":"https:\/\/triana.salesianos.edu\/colegio\/blog\/2026\/05\/11\/xlviii-pregon-de-las-glorias-de-maria-auxiliadora\/#article","isPartOf":{"@id":"https:\/\/triana.salesianos.edu\/colegio\/blog\/2026\/05\/11\/xlviii-pregon-de-las-glorias-de-maria-auxiliadora\/"},"author":{"name":"Gestor Web","@id":"https:\/\/triana.salesianos.edu\/colegio\/#\/schema\/person\/ac56d09b53320706efba5d42fa54fa77"},"headline":"XLVIII PREG\u00d3N DE LAS GLORIAS DE MAR\u00cdA AUXILIADORA","datePublished":"2026-05-11T12:55:16+00:00","mainEntityOfPage":{"@id":"https:\/\/triana.salesianos.edu\/colegio\/blog\/2026\/05\/11\/xlviii-pregon-de-las-glorias-de-maria-auxiliadora\/"},"wordCount":1213,"commentCount":0,"image":{"@id":"https:\/\/triana.salesianos.edu\/colegio\/blog\/2026\/05\/11\/xlviii-pregon-de-las-glorias-de-maria-auxiliadora\/#primaryimage"},"thumbnailUrl":"https:\/\/triana.salesianos.edu\/colegio\/wp-content\/uploads\/sites\/2\/2026\/05\/8.png","articleSection":["AMPA","Centro Juvenil","Colegio","Familia Salesiana","Parroquia","Portada","Portada Imagen","Solidaridad","Uncategorized"],"inLanguage":"es","potentialAction":[{"@type":"CommentAction","name":"Comment","target":["https:\/\/triana.salesianos.edu\/colegio\/blog\/2026\/05\/11\/xlviii-pregon-de-las-glorias-de-maria-auxiliadora\/#respond"]}]},{"@type":"WebPage","@id":"https:\/\/triana.salesianos.edu\/colegio\/blog\/2026\/05\/11\/xlviii-pregon-de-las-glorias-de-maria-auxiliadora\/","url":"https:\/\/triana.salesianos.edu\/colegio\/blog\/2026\/05\/11\/xlviii-pregon-de-las-glorias-de-maria-auxiliadora\/","name":"XLVIII PREG\u00d3N DE LAS GLORIAS DE MAR\u00cdA AUXILIADORA - Colegio Salesiano San Pedro","isPartOf":{"@id":"https:\/\/triana.salesianos.edu\/colegio\/#website"},"primaryImageOfPage":{"@id":"https:\/\/triana.salesianos.edu\/colegio\/blog\/2026\/05\/11\/xlviii-pregon-de-las-glorias-de-maria-auxiliadora\/#primaryimage"},"image":{"@id":"https:\/\/triana.salesianos.edu\/colegio\/blog\/2026\/05\/11\/xlviii-pregon-de-las-glorias-de-maria-auxiliadora\/#primaryimage"},"thumbnailUrl":"https:\/\/triana.salesianos.edu\/colegio\/wp-content\/uploads\/sites\/2\/2026\/05\/8.png","datePublished":"2026-05-11T12:55:16+00:00","author":{"@id":"https:\/\/triana.salesianos.edu\/colegio\/#\/schema\/person\/ac56d09b53320706efba5d42fa54fa77"},"breadcrumb":{"@id":"https:\/\/triana.salesianos.edu\/colegio\/blog\/2026\/05\/11\/xlviii-pregon-de-las-glorias-de-maria-auxiliadora\/#breadcrumb"},"inLanguage":"es","potentialAction":[{"@type":"ReadAction","target":["https:\/\/triana.salesianos.edu\/colegio\/blog\/2026\/05\/11\/xlviii-pregon-de-las-glorias-de-maria-auxiliadora\/"]}]},{"@type":"ImageObject","inLanguage":"es","@id":"https:\/\/triana.salesianos.edu\/colegio\/blog\/2026\/05\/11\/xlviii-pregon-de-las-glorias-de-maria-auxiliadora\/#primaryimage","url":"https:\/\/triana.salesianos.edu\/colegio\/wp-content\/uploads\/sites\/2\/2026\/05\/8.png","contentUrl":"https:\/\/triana.salesianos.edu\/colegio\/wp-content\/uploads\/sites\/2\/2026\/05\/8.png","width":1640,"height":924},{"@type":"BreadcrumbList","@id":"https:\/\/triana.salesianos.edu\/colegio\/blog\/2026\/05\/11\/xlviii-pregon-de-las-glorias-de-maria-auxiliadora\/#breadcrumb","itemListElement":[{"@type":"ListItem","position":1,"name":"Portada","item":"https:\/\/triana.salesianos.edu\/colegio\/"},{"@type":"ListItem","position":2,"name":"XLVIII PREG\u00d3N DE LAS GLORIAS DE MAR\u00cdA AUXILIADORA"}]},{"@type":"WebSite","@id":"https:\/\/triana.salesianos.edu\/colegio\/#website","url":"https:\/\/triana.salesianos.edu\/colegio\/","name":"Colegio Salesiano San Pedro","description":"P\u00e1gina oficial Salesianos Triana Sevilla","potentialAction":[{"@type":"SearchAction","target":{"@type":"EntryPoint","urlTemplate":"https:\/\/triana.salesianos.edu\/colegio\/?s={search_term_string}"},"query-input":{"@type":"PropertyValueSpecification","valueRequired":true,"valueName":"search_term_string"}}],"inLanguage":"es"},{"@type":"Person","@id":"https:\/\/triana.salesianos.edu\/colegio\/#\/schema\/person\/ac56d09b53320706efba5d42fa54fa77","name":"Gestor Web","image":{"@type":"ImageObject","inLanguage":"es","@id":"https:\/\/secure.gravatar.com\/avatar\/2e89c91da47a7fb64ca5f65c45ef901e52d2b7a5c0f7eb1ae1e1c5f1e0c314da?s=96&d=mm&r=g","url":"https:\/\/secure.gravatar.com\/avatar\/2e89c91da47a7fb64ca5f65c45ef901e52d2b7a5c0f7eb1ae1e1c5f1e0c314da?s=96&d=mm&r=g","contentUrl":"https:\/\/secure.gravatar.com\/avatar\/2e89c91da47a7fb64ca5f65c45ef901e52d2b7a5c0f7eb1ae1e1c5f1e0c314da?s=96&d=mm&r=g","caption":"Gestor Web"}}]}},"_links":{"self":[{"href":"https:\/\/triana.salesianos.edu\/colegio\/wp-json\/wp\/v2\/posts\/25345","targetHints":{"allow":["GET"]}}],"collection":[{"href":"https:\/\/triana.salesianos.edu\/colegio\/wp-json\/wp\/v2\/posts"}],"about":[{"href":"https:\/\/triana.salesianos.edu\/colegio\/wp-json\/wp\/v2\/types\/post"}],"author":[{"embeddable":true,"href":"https:\/\/triana.salesianos.edu\/colegio\/wp-json\/wp\/v2\/users\/3"}],"replies":[{"embeddable":true,"href":"https:\/\/triana.salesianos.edu\/colegio\/wp-json\/wp\/v2\/comments?post=25345"}],"version-history":[{"count":1,"href":"https:\/\/triana.salesianos.edu\/colegio\/wp-json\/wp\/v2\/posts\/25345\/revisions"}],"predecessor-version":[{"id":25349,"href":"https:\/\/triana.salesianos.edu\/colegio\/wp-json\/wp\/v2\/posts\/25345\/revisions\/25349"}],"wp:featuredmedia":[{"embeddable":true,"href":"https:\/\/triana.salesianos.edu\/colegio\/wp-json\/wp\/v2\/media\/25346"}],"wp:attachment":[{"href":"https:\/\/triana.salesianos.edu\/colegio\/wp-json\/wp\/v2\/media?parent=25345"}],"wp:term":[{"taxonomy":"category","embeddable":true,"href":"https:\/\/triana.salesianos.edu\/colegio\/wp-json\/wp\/v2\/categories?post=25345"},{"taxonomy":"post_tag","embeddable":true,"href":"https:\/\/triana.salesianos.edu\/colegio\/wp-json\/wp\/v2\/tags?post=25345"}],"curies":[{"name":"wp","href":"https:\/\/api.w.org\/{rel}","templated":true}]}}