{"id":25280,"date":"2026-03-23T12:16:45","date_gmt":"2026-03-23T11:16:45","guid":{"rendered":"https:\/\/triana.salesianos.edu\/colegio\/blog\/2026\/03\/23\/cuarta-convocatoria-de-los-cursos-prematrimoniales\/"},"modified":"2026-03-23T12:16:45","modified_gmt":"2026-03-23T11:16:45","slug":"cuarta-convocatoria-de-los-cursos-prematrimoniales","status":"publish","type":"post","link":"https:\/\/triana.salesianos.edu\/colegio\/blog\/2026\/03\/23\/cuarta-convocatoria-de-los-cursos-prematrimoniales\/","title":{"rendered":"Cuarta convocatoria de los cursos prematrimoniales"},"content":{"rendered":"<div id=\"fb-root\"><\/div>\n<p>[et_pb_section fb_built=\u00bb1&#8243; fullwidth=\u00bbon\u00bb admin_label=\u00bbSecci\u00f3n\u00bb _builder_version=\u00bb4.16&#8243; global_colors_info=\u00bb{}\u00bb theme_builder_area=\u00bbpost_content\u00bb][et_pb_fullwidth_header title=\u00bbCuarta convocatoria de los cursos prematrimoniales\u00bb content_max_width=\u00bbnone\u00bb title_font_color=\u00bb#ffffff\u00bb admin_label=\u00bbT\u00edtulo de anchura completa\u00bb module_class=\u00bbpagina-imagen-cabecera\u00bb _builder_version=\u00bb4.27.4&#8243; title_text_color=\u00bb#ffffff\u00bb title_font_size=\u00bb40px\u00bb background_color=\u00bb#E02B20&#8243; background_image=\u00bbhttp:\/\/webpiloto.salesianos.edu\/wp-content\/uploads\/2017\/02\/ImagenPAGINA01.png\u00bb background_layout=\u00bblight\u00bb hover_enabled=\u00bb0&#8243; background_url=\u00bbhttp:\/\/webpiloto.salesianos.edu\/wp-content\/uploads\/2017\/02\/ImagenPAGINA01.png\u00bb button_one_letter_spacing_hover=\u00bb0&#8243; button_two_letter_spacing_hover=\u00bb0&#8243; global_colors_info=\u00bb{}\u00bb button_one_text_size__hover_enabled=\u00bboff\u00bb button_two_text_size__hover_enabled=\u00bboff\u00bb button_one_text_color__hover_enabled=\u00bboff\u00bb button_two_text_color__hover_enabled=\u00bboff\u00bb button_one_border_width__hover_enabled=\u00bboff\u00bb button_two_border_width__hover_enabled=\u00bboff\u00bb button_one_border_color__hover_enabled=\u00bboff\u00bb button_two_border_color__hover_enabled=\u00bboff\u00bb button_one_border_radius__hover_enabled=\u00bboff\u00bb button_two_border_radius__hover_enabled=\u00bboff\u00bb button_one_letter_spacing__hover_enabled=\u00bbon\u00bb button_one_letter_spacing__hover=\u00bb0&#8243; button_two_letter_spacing__hover_enabled=\u00bbon\u00bb button_two_letter_spacing__hover=\u00bb0&#8243; button_one_bg_color__hover_enabled=\u00bboff\u00bb button_two_bg_color__hover_enabled=\u00bboff\u00bb theme_builder_area=\u00bbpost_content\u00bb sticky_enabled=\u00bb0&#8243;][\/et_pb_fullwidth_header][\/et_pb_section][et_pb_section fb_built=\u00bb1&#8243; admin_label=\u00bbSecci\u00f3n\u00bb module_class=\u00bbpagina-seccion-contenido\u00bb _builder_version=\u00bb4.16&#8243; custom_padding=\u00bb-4%|||\u00bb transparent_background=\u00bboff\u00bb make_fullwidth=\u00bboff\u00bb use_custom_width=\u00bboff\u00bb width_unit=\u00bbon\u00bb global_colors_info=\u00bb{}\u00bb theme_builder_area=\u00bbpost_content\u00bb][et_pb_row admin_label=\u00bbFila\u00bb module_class=\u00bbpagina-texto\u00bb _builder_version=\u00bb4.16&#8243; background_size=\u00bbinitial\u00bb background_position=\u00bbtop_left\u00bb background_repeat=\u00bbrepeat\u00bb make_fullwidth=\u00bboff\u00bb use_custom_width=\u00bboff\u00bb width_unit=\u00bbon\u00bb global_colors_info=\u00bb{}\u00bb theme_builder_area=\u00bbpost_content\u00bb][et_pb_column type=\u00bb4_4&#8243; _builder_version=\u00bb4.16&#8243; custom_padding=\u00bb|||\u00bb global_colors_info=\u00bb{}\u00bb custom_padding__hover=\u00bb|||\u00bb theme_builder_area=\u00bbpost_content\u00bb][et_pb_text admin_label=\u00bbTexto\u00bb _builder_version=\u00bb4.27.4&#8243; background_size=\u00bbinitial\u00bb background_position=\u00bbtop_left\u00bb background_repeat=\u00bbrepeat\u00bb hover_enabled=\u00bb0&#8243; use_border_color=\u00bboff\u00bb border_color=\u00bb#ffffff\u00bb border_style=\u00bbsolid\u00bb global_colors_info=\u00bb{}\u00bb theme_builder_area=\u00bbpost_content\u00bb sticky_enabled=\u00bb0&#8243;]<\/p>\n<p>Un grupo de siete parejas ha participado en nuestra parroquia de San Juan Bosco en el Curso prematrimonial celebrado en formato intensivo, de 10 a 19 h. A lo largo de la jornada, han podido profundizar en los aspectos fundamentales de la vida matrimonial a trav\u00e9s de distintas sesiones formativas, combinadas con momentos de reflexi\u00f3n personal y en pareja.<\/p>\n<p>Adem\u00e1s, el ambiente cercano y acogedor ha favorecido la convivencia, permiti\u00e9ndoles compartir experiencias, conocerse mejor entre ellos y crear v\u00ednculos en un clima de confianza y alegr\u00eda, haciendo de este d\u00eda una experiencia enriquecedora tanto a nivel formativo como humano.<\/p>\n<p>Durante el curso, se han abordado cuestiones clave como la importancia del di\u00e1logo y la comunicaci\u00f3n en la pareja, la gesti\u00f3n de las dificultades, el compromiso mutuo, la vivencia de la fe en el matrimonio y el papel de la familia como espacio de crecimiento y entrega. Todo ello ha sido presentado desde una perspectiva cercana y pr\u00e1ctica, ayudando a los participantes a prepararse con ilusi\u00f3n y responsabilidad para esta nueva etapa de sus vidas.<\/p>\n<p>Las din\u00e1micas propuestas han permitido no solo escuchar y aprender, sino tambi\u00e9n compartir inquietudes, expresar sentimientos y fortalecer el v\u00ednculo entre cada pareja, generando momentos muy significativos que, sin duda, recordar\u00e1n en su camino hacia el matrimonio.<\/p>\n<p>Queremos agradecer especialmente la implicaci\u00f3n de los matrimonios y agentes de pastoral que han acompa\u00f1ado este curso, dedicando su tiempo y experiencia para guiar y orientar a los participantes con cercan\u00eda y generosidad. Su testimonio ha sido, sin duda, uno de los pilares fundamentales de esta jornada.<\/p>\n<p>Esperamos verlos pronto por nuestra parroquia participando de otras actividades e iniciativas pastorales, continuando as\u00ed este camino de crecimiento en comunidad y fe. \u00a1Las puertas de esta casa siempre estar\u00e1n abiertas para vosotros!<\/p>\n<p>[\/et_pb_text][\/et_pb_column][\/et_pb_row][et_pb_row _builder_version=\u00bb4.27.4&#8243; _module_preset=\u00bbdefault\u00bb theme_builder_area=\u00bbpost_content\u00bb][et_pb_column _builder_version=\u00bb4.27.4&#8243; _module_preset=\u00bbdefault\u00bb type=\u00bb4_4&#8243; theme_builder_area=\u00bbpost_content\u00bb][et_pb_image _builder_version=\u00bb4.27.4&#8243; _module_preset=\u00bbdefault\u00bb theme_builder_area=\u00bbpost_content\u00bb title_text=\u00bb4\u00aa convocatoria cursos prematrimoniales &#8211; Parroquia Sevilla Triana\u00bb src=\u00bbhttps:\/\/triana.salesianos.edu\/wp-content\/uploads\/2026\/03\/4a-convocatoria-cursos-prematrimoniales-Parroquia-Sevilla-Triana.jpeg\u00bb hover_enabled=\u00bb0&#8243; sticky_enabled=\u00bb0&#8243;][\/et_pb_image][\/et_pb_column][\/et_pb_row][\/et_pb_section]<\/p>\n","protected":false},"excerpt":{"rendered":"<p>Un grupo de siete parejas ha participado en nuestra parroquia de San Juan Bosco en el Curso prematrimonial celebrado en formato intensivo, de 10 a 19 h. A lo largo de la jornada, han podido profundizar en los aspectos fundamentales de la vida matrimonial a trav\u00e9s de distintas sesiones formativas, combinadas con momentos de reflexi\u00f3n [&hellip;]<\/p>\n","protected":false},"author":3,"featured_media":25281,"comment_status":"open","ping_status":"open","sticky":false,"template":"","format":"standard","meta":{"_et_pb_use_builder":"on","_et_pb_old_content":"","_et_gb_content_width":"","footnotes":""},"categories":[40,16,34,1],"tags":[],"class_list":["post-25280","post","type-post","status-publish","format-standard","has-post-thumbnail","hentry","category-parroquia","category-portada","category-portada-imagen","category-uncategorized"],"yoast_head":"<!-- This site is optimized with the Yoast SEO plugin v28.3 - https:\/\/yoast.com\/product\/yoast-seo-wordpress\/ -->\n<title>Cuarta convocatoria de los cursos prematrimoniales - Colegio Salesiano San Pedro<\/title>\n<meta name=\"robots\" content=\"noindex, follow\" \/>\n<meta property=\"og:locale\" content=\"es_ES\" \/>\n<meta property=\"og:type\" content=\"article\" \/>\n<meta property=\"og:title\" content=\"Cuarta convocatoria de los cursos prematrimoniales - Colegio Salesiano San Pedro\" \/>\n<meta property=\"og:description\" content=\"Un grupo de siete parejas ha participado en nuestra parroquia de San Juan Bosco en el Curso prematrimonial celebrado en formato intensivo, de 10 a 19 h. A lo largo de la jornada, han podido profundizar en los aspectos fundamentales de la vida matrimonial a trav\u00e9s de distintas sesiones formativas, combinadas con momentos de reflexi\u00f3n [&hellip;]\" \/>\n<meta property=\"og:url\" content=\"https:\/\/triana.salesianos.edu\/colegio\/blog\/2026\/03\/23\/cuarta-convocatoria-de-los-cursos-prematrimoniales\/\" \/>\n<meta property=\"og:site_name\" content=\"Colegio Salesiano San Pedro\" \/>\n<meta property=\"article:published_time\" content=\"2026-03-23T11:16:45+00:00\" \/>\n<meta property=\"og:image\" content=\"https:\/\/triana.salesianos.edu\/colegio\/wp-content\/uploads\/sites\/2\/2026\/03\/4a-convocatoria-cursos-prematrimoniales-Parroquia-Sevilla-Triana.jpeg\" \/>\n\t<meta property=\"og:image:width\" content=\"1920\" \/>\n\t<meta property=\"og:image:height\" content=\"1080\" \/>\n\t<meta property=\"og:image:type\" content=\"image\/jpeg\" \/>\n<meta name=\"author\" content=\"Gestor Web\" \/>\n<meta name=\"twitter:card\" content=\"summary_large_image\" \/>\n<meta name=\"twitter:label1\" content=\"Escrito por\" \/>\n\t<meta name=\"twitter:data1\" content=\"Gestor Web\" \/>\n\t<meta name=\"twitter:label2\" content=\"Tiempo de lectura\" \/>\n\t<meta name=\"twitter:data2\" content=\"4 minutos\" \/>\n<script type=\"application\/ld+json\" class=\"yoast-schema-graph\">{\"@context\":\"https:\\\/\\\/schema.org\",\"@graph\":[{\"@type\":\"Article\",\"@id\":\"https:\\\/\\\/triana.salesianos.edu\\\/colegio\\\/blog\\\/2026\\\/03\\\/23\\\/cuarta-convocatoria-de-los-cursos-prematrimoniales\\\/#article\",\"isPartOf\":{\"@id\":\"https:\\\/\\\/triana.salesianos.edu\\\/colegio\\\/blog\\\/2026\\\/03\\\/23\\\/cuarta-convocatoria-de-los-cursos-prematrimoniales\\\/\"},\"author\":{\"name\":\"Gestor Web\",\"@id\":\"https:\\\/\\\/triana.salesianos.edu\\\/colegio\\\/#\\\/schema\\\/person\\\/ac56d09b53320706efba5d42fa54fa77\"},\"headline\":\"Cuarta convocatoria de los cursos prematrimoniales\",\"datePublished\":\"2026-03-23T11:16:45+00:00\",\"mainEntityOfPage\":{\"@id\":\"https:\\\/\\\/triana.salesianos.edu\\\/colegio\\\/blog\\\/2026\\\/03\\\/23\\\/cuarta-convocatoria-de-los-cursos-prematrimoniales\\\/\"},\"wordCount\":758,\"commentCount\":0,\"image\":{\"@id\":\"https:\\\/\\\/triana.salesianos.edu\\\/colegio\\\/blog\\\/2026\\\/03\\\/23\\\/cuarta-convocatoria-de-los-cursos-prematrimoniales\\\/#primaryimage\"},\"thumbnailUrl\":\"https:\\\/\\\/triana.salesianos.edu\\\/colegio\\\/wp-content\\\/uploads\\\/sites\\\/2\\\/2026\\\/03\\\/4a-convocatoria-cursos-prematrimoniales-Parroquia-Sevilla-Triana.jpeg\",\"articleSection\":[\"Parroquia\",\"Portada\",\"Portada Imagen\",\"Uncategorized\"],\"inLanguage\":\"es\",\"potentialAction\":[{\"@type\":\"CommentAction\",\"name\":\"Comment\",\"target\":[\"https:\\\/\\\/triana.salesianos.edu\\\/colegio\\\/blog\\\/2026\\\/03\\\/23\\\/cuarta-convocatoria-de-los-cursos-prematrimoniales\\\/#respond\"]}]},{\"@type\":\"WebPage\",\"@id\":\"https:\\\/\\\/triana.salesianos.edu\\\/colegio\\\/blog\\\/2026\\\/03\\\/23\\\/cuarta-convocatoria-de-los-cursos-prematrimoniales\\\/\",\"url\":\"https:\\\/\\\/triana.salesianos.edu\\\/colegio\\\/blog\\\/2026\\\/03\\\/23\\\/cuarta-convocatoria-de-los-cursos-prematrimoniales\\\/\",\"name\":\"Cuarta convocatoria de los cursos prematrimoniales - Colegio Salesiano San Pedro\",\"isPartOf\":{\"@id\":\"https:\\\/\\\/triana.salesianos.edu\\\/colegio\\\/#website\"},\"primaryImageOfPage\":{\"@id\":\"https:\\\/\\\/triana.salesianos.edu\\\/colegio\\\/blog\\\/2026\\\/03\\\/23\\\/cuarta-convocatoria-de-los-cursos-prematrimoniales\\\/#primaryimage\"},\"image\":{\"@id\":\"https:\\\/\\\/triana.salesianos.edu\\\/colegio\\\/blog\\\/2026\\\/03\\\/23\\\/cuarta-convocatoria-de-los-cursos-prematrimoniales\\\/#primaryimage\"},\"thumbnailUrl\":\"https:\\\/\\\/triana.salesianos.edu\\\/colegio\\\/wp-content\\\/uploads\\\/sites\\\/2\\\/2026\\\/03\\\/4a-convocatoria-cursos-prematrimoniales-Parroquia-Sevilla-Triana.jpeg\",\"datePublished\":\"2026-03-23T11:16:45+00:00\",\"author\":{\"@id\":\"https:\\\/\\\/triana.salesianos.edu\\\/colegio\\\/#\\\/schema\\\/person\\\/ac56d09b53320706efba5d42fa54fa77\"},\"breadcrumb\":{\"@id\":\"https:\\\/\\\/triana.salesianos.edu\\\/colegio\\\/blog\\\/2026\\\/03\\\/23\\\/cuarta-convocatoria-de-los-cursos-prematrimoniales\\\/#breadcrumb\"},\"inLanguage\":\"es\",\"potentialAction\":[{\"@type\":\"ReadAction\",\"target\":[\"https:\\\/\\\/triana.salesianos.edu\\\/colegio\\\/blog\\\/2026\\\/03\\\/23\\\/cuarta-convocatoria-de-los-cursos-prematrimoniales\\\/\"]}]},{\"@type\":\"ImageObject\",\"inLanguage\":\"es\",\"@id\":\"https:\\\/\\\/triana.salesianos.edu\\\/colegio\\\/blog\\\/2026\\\/03\\\/23\\\/cuarta-convocatoria-de-los-cursos-prematrimoniales\\\/#primaryimage\",\"url\":\"https:\\\/\\\/triana.salesianos.edu\\\/colegio\\\/wp-content\\\/uploads\\\/sites\\\/2\\\/2026\\\/03\\\/4a-convocatoria-cursos-prematrimoniales-Parroquia-Sevilla-Triana.jpeg\",\"contentUrl\":\"https:\\\/\\\/triana.salesianos.edu\\\/colegio\\\/wp-content\\\/uploads\\\/sites\\\/2\\\/2026\\\/03\\\/4a-convocatoria-cursos-prematrimoniales-Parroquia-Sevilla-Triana.jpeg\",\"width\":1920,\"height\":1080},{\"@type\":\"BreadcrumbList\",\"@id\":\"https:\\\/\\\/triana.salesianos.edu\\\/colegio\\\/blog\\\/2026\\\/03\\\/23\\\/cuarta-convocatoria-de-los-cursos-prematrimoniales\\\/#breadcrumb\",\"itemListElement\":[{\"@type\":\"ListItem\",\"position\":1,\"name\":\"Portada\",\"item\":\"https:\\\/\\\/triana.salesianos.edu\\\/colegio\\\/\"},{\"@type\":\"ListItem\",\"position\":2,\"name\":\"Cuarta convocatoria de los cursos prematrimoniales\"}]},{\"@type\":\"WebSite\",\"@id\":\"https:\\\/\\\/triana.salesianos.edu\\\/colegio\\\/#website\",\"url\":\"https:\\\/\\\/triana.salesianos.edu\\\/colegio\\\/\",\"name\":\"Colegio Salesiano San Pedro\",\"description\":\"P\u00e1gina oficial Salesianos Triana Sevilla\",\"potentialAction\":[{\"@type\":\"SearchAction\",\"target\":{\"@type\":\"EntryPoint\",\"urlTemplate\":\"https:\\\/\\\/triana.salesianos.edu\\\/colegio\\\/?s={search_term_string}\"},\"query-input\":{\"@type\":\"PropertyValueSpecification\",\"valueRequired\":true,\"valueName\":\"search_term_string\"}}],\"inLanguage\":\"es\"},{\"@type\":\"Person\",\"@id\":\"https:\\\/\\\/triana.salesianos.edu\\\/colegio\\\/#\\\/schema\\\/person\\\/ac56d09b53320706efba5d42fa54fa77\",\"name\":\"Gestor Web\",\"image\":{\"@type\":\"ImageObject\",\"inLanguage\":\"es\",\"@id\":\"https:\\\/\\\/secure.gravatar.com\\\/avatar\\\/2e89c91da47a7fb64ca5f65c45ef901e52d2b7a5c0f7eb1ae1e1c5f1e0c314da?s=96&d=mm&r=g\",\"url\":\"https:\\\/\\\/secure.gravatar.com\\\/avatar\\\/2e89c91da47a7fb64ca5f65c45ef901e52d2b7a5c0f7eb1ae1e1c5f1e0c314da?s=96&d=mm&r=g\",\"contentUrl\":\"https:\\\/\\\/secure.gravatar.com\\\/avatar\\\/2e89c91da47a7fb64ca5f65c45ef901e52d2b7a5c0f7eb1ae1e1c5f1e0c314da?s=96&d=mm&r=g\",\"caption\":\"Gestor Web\"}}]}<\/script>\n<!-- \/ Yoast SEO plugin. -->","yoast_head_json":{"title":"Cuarta convocatoria de los cursos prematrimoniales - Colegio Salesiano San Pedro","robots":{"index":"noindex","follow":"follow"},"og_locale":"es_ES","og_type":"article","og_title":"Cuarta convocatoria de los cursos prematrimoniales - Colegio Salesiano San Pedro","og_description":"Un grupo de siete parejas ha participado en nuestra parroquia de San Juan Bosco en el Curso prematrimonial celebrado en formato intensivo, de 10 a 19 h. A lo largo de la jornada, han podido profundizar en los aspectos fundamentales de la vida matrimonial a trav\u00e9s de distintas sesiones formativas, combinadas con momentos de reflexi\u00f3n [&hellip;]","og_url":"https:\/\/triana.salesianos.edu\/colegio\/blog\/2026\/03\/23\/cuarta-convocatoria-de-los-cursos-prematrimoniales\/","og_site_name":"Colegio Salesiano San Pedro","article_published_time":"2026-03-23T11:16:45+00:00","og_image":[{"width":1920,"height":1080,"url":"https:\/\/triana.salesianos.edu\/colegio\/wp-content\/uploads\/sites\/2\/2026\/03\/4a-convocatoria-cursos-prematrimoniales-Parroquia-Sevilla-Triana.jpeg","type":"image\/jpeg"}],"author":"Gestor Web","twitter_card":"summary_large_image","twitter_misc":{"Escrito por":"Gestor Web","Tiempo de lectura":"4 minutos"},"schema":{"@context":"https:\/\/schema.org","@graph":[{"@type":"Article","@id":"https:\/\/triana.salesianos.edu\/colegio\/blog\/2026\/03\/23\/cuarta-convocatoria-de-los-cursos-prematrimoniales\/#article","isPartOf":{"@id":"https:\/\/triana.salesianos.edu\/colegio\/blog\/2026\/03\/23\/cuarta-convocatoria-de-los-cursos-prematrimoniales\/"},"author":{"name":"Gestor Web","@id":"https:\/\/triana.salesianos.edu\/colegio\/#\/schema\/person\/ac56d09b53320706efba5d42fa54fa77"},"headline":"Cuarta convocatoria de los cursos prematrimoniales","datePublished":"2026-03-23T11:16:45+00:00","mainEntityOfPage":{"@id":"https:\/\/triana.salesianos.edu\/colegio\/blog\/2026\/03\/23\/cuarta-convocatoria-de-los-cursos-prematrimoniales\/"},"wordCount":758,"commentCount":0,"image":{"@id":"https:\/\/triana.salesianos.edu\/colegio\/blog\/2026\/03\/23\/cuarta-convocatoria-de-los-cursos-prematrimoniales\/#primaryimage"},"thumbnailUrl":"https:\/\/triana.salesianos.edu\/colegio\/wp-content\/uploads\/sites\/2\/2026\/03\/4a-convocatoria-cursos-prematrimoniales-Parroquia-Sevilla-Triana.jpeg","articleSection":["Parroquia","Portada","Portada Imagen","Uncategorized"],"inLanguage":"es","potentialAction":[{"@type":"CommentAction","name":"Comment","target":["https:\/\/triana.salesianos.edu\/colegio\/blog\/2026\/03\/23\/cuarta-convocatoria-de-los-cursos-prematrimoniales\/#respond"]}]},{"@type":"WebPage","@id":"https:\/\/triana.salesianos.edu\/colegio\/blog\/2026\/03\/23\/cuarta-convocatoria-de-los-cursos-prematrimoniales\/","url":"https:\/\/triana.salesianos.edu\/colegio\/blog\/2026\/03\/23\/cuarta-convocatoria-de-los-cursos-prematrimoniales\/","name":"Cuarta convocatoria de los cursos prematrimoniales - Colegio Salesiano San Pedro","isPartOf":{"@id":"https:\/\/triana.salesianos.edu\/colegio\/#website"},"primaryImageOfPage":{"@id":"https:\/\/triana.salesianos.edu\/colegio\/blog\/2026\/03\/23\/cuarta-convocatoria-de-los-cursos-prematrimoniales\/#primaryimage"},"image":{"@id":"https:\/\/triana.salesianos.edu\/colegio\/blog\/2026\/03\/23\/cuarta-convocatoria-de-los-cursos-prematrimoniales\/#primaryimage"},"thumbnailUrl":"https:\/\/triana.salesianos.edu\/colegio\/wp-content\/uploads\/sites\/2\/2026\/03\/4a-convocatoria-cursos-prematrimoniales-Parroquia-Sevilla-Triana.jpeg","datePublished":"2026-03-23T11:16:45+00:00","author":{"@id":"https:\/\/triana.salesianos.edu\/colegio\/#\/schema\/person\/ac56d09b53320706efba5d42fa54fa77"},"breadcrumb":{"@id":"https:\/\/triana.salesianos.edu\/colegio\/blog\/2026\/03\/23\/cuarta-convocatoria-de-los-cursos-prematrimoniales\/#breadcrumb"},"inLanguage":"es","potentialAction":[{"@type":"ReadAction","target":["https:\/\/triana.salesianos.edu\/colegio\/blog\/2026\/03\/23\/cuarta-convocatoria-de-los-cursos-prematrimoniales\/"]}]},{"@type":"ImageObject","inLanguage":"es","@id":"https:\/\/triana.salesianos.edu\/colegio\/blog\/2026\/03\/23\/cuarta-convocatoria-de-los-cursos-prematrimoniales\/#primaryimage","url":"https:\/\/triana.salesianos.edu\/colegio\/wp-content\/uploads\/sites\/2\/2026\/03\/4a-convocatoria-cursos-prematrimoniales-Parroquia-Sevilla-Triana.jpeg","contentUrl":"https:\/\/triana.salesianos.edu\/colegio\/wp-content\/uploads\/sites\/2\/2026\/03\/4a-convocatoria-cursos-prematrimoniales-Parroquia-Sevilla-Triana.jpeg","width":1920,"height":1080},{"@type":"BreadcrumbList","@id":"https:\/\/triana.salesianos.edu\/colegio\/blog\/2026\/03\/23\/cuarta-convocatoria-de-los-cursos-prematrimoniales\/#breadcrumb","itemListElement":[{"@type":"ListItem","position":1,"name":"Portada","item":"https:\/\/triana.salesianos.edu\/colegio\/"},{"@type":"ListItem","position":2,"name":"Cuarta convocatoria de los cursos prematrimoniales"}]},{"@type":"WebSite","@id":"https:\/\/triana.salesianos.edu\/colegio\/#website","url":"https:\/\/triana.salesianos.edu\/colegio\/","name":"Colegio Salesiano San Pedro","description":"P\u00e1gina oficial Salesianos Triana Sevilla","potentialAction":[{"@type":"SearchAction","target":{"@type":"EntryPoint","urlTemplate":"https:\/\/triana.salesianos.edu\/colegio\/?s={search_term_string}"},"query-input":{"@type":"PropertyValueSpecification","valueRequired":true,"valueName":"search_term_string"}}],"inLanguage":"es"},{"@type":"Person","@id":"https:\/\/triana.salesianos.edu\/colegio\/#\/schema\/person\/ac56d09b53320706efba5d42fa54fa77","name":"Gestor Web","image":{"@type":"ImageObject","inLanguage":"es","@id":"https:\/\/secure.gravatar.com\/avatar\/2e89c91da47a7fb64ca5f65c45ef901e52d2b7a5c0f7eb1ae1e1c5f1e0c314da?s=96&d=mm&r=g","url":"https:\/\/secure.gravatar.com\/avatar\/2e89c91da47a7fb64ca5f65c45ef901e52d2b7a5c0f7eb1ae1e1c5f1e0c314da?s=96&d=mm&r=g","contentUrl":"https:\/\/secure.gravatar.com\/avatar\/2e89c91da47a7fb64ca5f65c45ef901e52d2b7a5c0f7eb1ae1e1c5f1e0c314da?s=96&d=mm&r=g","caption":"Gestor Web"}}]}},"_links":{"self":[{"href":"https:\/\/triana.salesianos.edu\/colegio\/wp-json\/wp\/v2\/posts\/25280","targetHints":{"allow":["GET"]}}],"collection":[{"href":"https:\/\/triana.salesianos.edu\/colegio\/wp-json\/wp\/v2\/posts"}],"about":[{"href":"https:\/\/triana.salesianos.edu\/colegio\/wp-json\/wp\/v2\/types\/post"}],"author":[{"embeddable":true,"href":"https:\/\/triana.salesianos.edu\/colegio\/wp-json\/wp\/v2\/users\/3"}],"replies":[{"embeddable":true,"href":"https:\/\/triana.salesianos.edu\/colegio\/wp-json\/wp\/v2\/comments?post=25280"}],"version-history":[{"count":0,"href":"https:\/\/triana.salesianos.edu\/colegio\/wp-json\/wp\/v2\/posts\/25280\/revisions"}],"wp:featuredmedia":[{"embeddable":true,"href":"https:\/\/triana.salesianos.edu\/colegio\/wp-json\/wp\/v2\/media\/25281"}],"wp:attachment":[{"href":"https:\/\/triana.salesianos.edu\/colegio\/wp-json\/wp\/v2\/media?parent=25280"}],"wp:term":[{"taxonomy":"category","embeddable":true,"href":"https:\/\/triana.salesianos.edu\/colegio\/wp-json\/wp\/v2\/categories?post=25280"},{"taxonomy":"post_tag","embeddable":true,"href":"https:\/\/triana.salesianos.edu\/colegio\/wp-json\/wp\/v2\/tags?post=25280"}],"curies":[{"name":"wp","href":"https:\/\/api.w.org\/{rel}","templated":true}]}}