{"id":25172,"date":"2025-12-05T07:52:31","date_gmt":"2025-12-05T06:52:31","guid":{"rendered":"https:\/\/triana.salesianos.edu\/colegio\/blog\/2025\/12\/05\/presentacion-expediente-triana-la-noche-de-carmen-arrabal\/"},"modified":"2025-12-05T07:52:31","modified_gmt":"2025-12-05T06:52:31","slug":"presentacion-expediente-triana-la-noche-de-carmen-arrabal","status":"publish","type":"post","link":"https:\/\/triana.salesianos.edu\/colegio\/blog\/2025\/12\/05\/presentacion-expediente-triana-la-noche-de-carmen-arrabal\/","title":{"rendered":"Presentaci\u00f3n \u00bbExpediente Triana: la noche de Carmen Arrabal\u00bb"},"content":{"rendered":"<div id=\"fb-root\"><\/div>\n<p>[et_pb_section fb_built=\u00bb1&#8243; fullwidth=\u00bbon\u00bb admin_label=\u00bbSecci\u00f3n\u00bb _builder_version=\u00bb4.16&#8243; global_colors_info=\u00bb{}\u00bb theme_builder_area=\u00bbpost_content\u00bb][et_pb_fullwidth_header title=\u00bbPresentaci\u00f3n: \u00bbExpediente Triana: la noche de Carmen Arrabal\u00bb\u00bb content_max_width=\u00bbnone\u00bb title_font_color=\u00bb#ffffff\u00bb admin_label=\u00bbT\u00edtulo de anchura completa\u00bb module_class=\u00bbpagina-imagen-cabecera\u00bb _builder_version=\u00bb4.27.4&#8243; title_text_color=\u00bb#ffffff\u00bb title_font_size=\u00bb40px\u00bb background_color=\u00bb#E02B20&#8243; background_image=\u00bbhttp:\/\/webpiloto.salesianos.edu\/wp-content\/uploads\/2017\/02\/ImagenPAGINA01.png\u00bb background_layout=\u00bblight\u00bb hover_enabled=\u00bb0&#8243; background_url=\u00bbhttp:\/\/webpiloto.salesianos.edu\/wp-content\/uploads\/2017\/02\/ImagenPAGINA01.png\u00bb button_one_letter_spacing_hover=\u00bb0&#8243; button_two_letter_spacing_hover=\u00bb0&#8243; global_colors_info=\u00bb{}\u00bb button_one_text_size__hover_enabled=\u00bboff\u00bb button_two_text_size__hover_enabled=\u00bboff\u00bb button_one_text_color__hover_enabled=\u00bboff\u00bb button_two_text_color__hover_enabled=\u00bboff\u00bb button_one_border_width__hover_enabled=\u00bboff\u00bb button_two_border_width__hover_enabled=\u00bboff\u00bb button_one_border_color__hover_enabled=\u00bboff\u00bb button_two_border_color__hover_enabled=\u00bboff\u00bb button_one_border_radius__hover_enabled=\u00bboff\u00bb button_two_border_radius__hover_enabled=\u00bboff\u00bb button_one_letter_spacing__hover_enabled=\u00bbon\u00bb button_one_letter_spacing__hover=\u00bb0&#8243; button_two_letter_spacing__hover_enabled=\u00bbon\u00bb button_two_letter_spacing__hover=\u00bb0&#8243; button_one_bg_color__hover_enabled=\u00bboff\u00bb button_two_bg_color__hover_enabled=\u00bboff\u00bb theme_builder_area=\u00bbpost_content\u00bb sticky_enabled=\u00bb0&#8243;][\/et_pb_fullwidth_header][\/et_pb_section][et_pb_section fb_built=\u00bb1&#8243; admin_label=\u00bbSecci\u00f3n\u00bb module_class=\u00bbpagina-seccion-contenido\u00bb _builder_version=\u00bb4.16&#8243; custom_padding=\u00bb-4%|||\u00bb transparent_background=\u00bboff\u00bb make_fullwidth=\u00bboff\u00bb use_custom_width=\u00bboff\u00bb width_unit=\u00bbon\u00bb global_colors_info=\u00bb{}\u00bb theme_builder_area=\u00bbpost_content\u00bb][et_pb_row admin_label=\u00bbFila\u00bb module_class=\u00bbpagina-texto\u00bb _builder_version=\u00bb4.16&#8243; background_size=\u00bbinitial\u00bb background_position=\u00bbtop_left\u00bb background_repeat=\u00bbrepeat\u00bb make_fullwidth=\u00bboff\u00bb use_custom_width=\u00bboff\u00bb width_unit=\u00bbon\u00bb global_colors_info=\u00bb{}\u00bb theme_builder_area=\u00bbpost_content\u00bb][et_pb_column type=\u00bb4_4&#8243; _builder_version=\u00bb4.16&#8243; custom_padding=\u00bb|||\u00bb global_colors_info=\u00bb{}\u00bb custom_padding__hover=\u00bb|||\u00bb theme_builder_area=\u00bbpost_content\u00bb][et_pb_text admin_label=\u00bbTexto\u00bb _builder_version=\u00bb4.27.4&#8243; background_size=\u00bbinitial\u00bb background_position=\u00bbtop_left\u00bb background_repeat=\u00bbrepeat\u00bb hover_enabled=\u00bb0&#8243; use_border_color=\u00bboff\u00bb border_color=\u00bb#ffffff\u00bb border_style=\u00bbsolid\u00bb global_colors_info=\u00bb{}\u00bb theme_builder_area=\u00bbpost_content\u00bb sticky_enabled=\u00bb0&#8243;]<\/p>\n<p data-start=\"132\" data-end=\"196\"><strong data-start=\"132\" data-end=\"196\">Una velada de misterio y literatura en el teatro del colegio<\/strong><\/p>\n<p data-start=\"198\" data-end=\"606\">La tarde del pasado jueves se convirti\u00f3 en una experiencia inolvidable para toda nuestra comunidad educativa. El teatro de nuestro colegio, escenario habitual de actos acad\u00e9micos y celebraciones, se transform\u00f3 en un lugar cargado de suspense y curiosidad para acoger la presentaci\u00f3n del libro <em data-start=\"491\" data-end=\"540\">\u201cExpediente Triana: la noche de Carmen Arrabal\u201d<\/em>, la m\u00e1s reciente obra de nuestro director, <strong data-start=\"584\" data-end=\"605\">Julio Ver\u00e1 Garc\u00eda<\/strong>.<\/p>\n<p data-start=\"608\" data-end=\"1017\">Desde que se abrieron las puertas, el ambiente ya anunciaba que no ser\u00eda un evento cualquiera. Familias, estudiantes, profesores y amantes de la literatura se reunieron para conocer de cerca esta historia que se adentra en el territorio de lo inexplicable, explorando una de las leyendas m\u00e1s inquietantes que circulan desde hace a\u00f1os por los pasillos de un colegio: la misteriosa figura de <strong data-start=\"998\" data-end=\"1016\">Carmen Arrabal<\/strong>.<\/p>\n<p data-start=\"1019\" data-end=\"1483\">El acto cont\u00f3 con un panel de lujo. Junto al autor estuvo <strong data-start=\"1077\" data-end=\"1104\">Ra\u00fal Esquinardo Rosseti<\/strong>, reconocido actor y director de programas televisivos, quien aport\u00f3 su visi\u00f3n art\u00edstica sobre la construcci\u00f3n de personajes y la importancia de generar emociones en el p\u00fablico. Result\u00f3 especialmente interesante escuchar c\u00f3mo, desde su experiencia en la interpretaci\u00f3n, entend\u00eda el miedo, la tensi\u00f3n y el asombro como elementos narrativos que deben respirarse m\u00e1s all\u00e1 del papel.<\/p>\n<p data-start=\"1485\" data-end=\"2019\">Tambi\u00e9n particip\u00f3 <strong data-start=\"1503\" data-end=\"1524\">Rosa Garc\u00eda Perea<\/strong>, editora de <strong data-start=\"1537\" data-end=\"1549\">Almuzara<\/strong>, la editorial que ha hecho posible que esta historia vea la luz. Su intervenci\u00f3n permiti\u00f3 a los asistentes conocer el proceso editorial, desde los primeros borradores hasta el libro que hoy tenemos entre las manos. Rosa destac\u00f3 el potencial de esta obra para cautivar a lectores j\u00f3venes y adultos, y subray\u00f3 el valor de que el propio entorno del autor \u2014las vivencias, los rumores y las tradiciones orales del colegio\u2014 se haya convertido en el motor creativo del relato.<\/p>\n<p data-start=\"2021\" data-end=\"2506\">A lo largo de la presentaci\u00f3n, los tres protagonistas fueron desgranando los aspectos m\u00e1s fascinantes de <em data-start=\"2126\" data-end=\"2145\">Expediente Triana<\/em>. Julio Ver\u00e1 comparti\u00f3 algunas an\u00e9cdotas sobre los acontecimientos reales que inspiraron la novela: supuestas apariciones nocturnas, puertas que se abren sin motivo, susurros a deshora y testimonios que han sobrevivido al paso de los a\u00f1os. Estos elementos, mezclados con ficci\u00f3n, dan forma a una historia que juega con el l\u00edmite entre lo real y lo sobrenatural.<\/p>\n<p data-start=\"2508\" data-end=\"2946\">Los asistentes pudieron sentirse parte de ese universo, escuchando c\u00f3mo la leyenda de Carmen Arrabal se ha ido transmitiendo entre generaciones y c\u00f3mo ha provocado m\u00e1s de un escalofr\u00edo a quienes han estudiado o trabajado en centros donde la frontera entre la imaginaci\u00f3n y el misterio parece desvanecerse. La atm\u00f3sfera del teatro acompa\u00f1\u00f3 a la perfecci\u00f3n: luces tenues, silencio expectante y una audiencia entregada que no perdi\u00f3 detalle.<\/p>\n<p data-start=\"3330\" data-end=\"3637\">Sin duda, fue una jornada emocionante, cercana y llena de esa magia especial que solo un buen misterio puede provocar. Desde aqu\u00ed queremos agradecer a todos los que nos acompa\u00f1asteis y os invitamos a seguir disfrutando de la lectura y de las actividades culturales que enriquecen la vida de nuestro colegio.<\/p>\n<p data-start=\"3639\" data-end=\"3720\">Porque a veces, las mejores historias\u2026 est\u00e1n m\u00e1s cerca de lo que creemos.<\/p>\n<p>[\/et_pb_text][\/et_pb_column][\/et_pb_row][et_pb_row _builder_version=\u00bb4.27.4&#8243; _module_preset=\u00bbdefault\u00bb theme_builder_area=\u00bbpost_content\u00bb][et_pb_column _builder_version=\u00bb4.27.4&#8243; _module_preset=\u00bbdefault\u00bb type=\u00bb4_4&#8243; theme_builder_area=\u00bbpost_content\u00bb][et_pb_image _builder_version=\u00bb4.27.4&#8243; _module_preset=\u00bbdefault\u00bb theme_builder_area=\u00bbpost_content\u00bb title_text=\u00bb2&#8243; src=\u00bbhttps:\/\/triana.salesianos.edu\/wp-content\/uploads\/2025\/12\/2.png\u00bb hover_enabled=\u00bb0&#8243; sticky_enabled=\u00bb0&#8243;][\/et_pb_image][\/et_pb_column][\/et_pb_row][\/et_pb_section]<\/p>\n","protected":false},"excerpt":{"rendered":"<p>Una velada de misterio y literatura en el teatro del colegio La tarde del pasado jueves se convirti\u00f3 en una experiencia inolvidable para toda nuestra comunidad educativa. El teatro de nuestro colegio, escenario habitual de actos acad\u00e9micos y celebraciones, se transform\u00f3 en un lugar cargado de suspense y curiosidad para acoger la presentaci\u00f3n del libro [&hellip;]<\/p>\n","protected":false},"author":3,"featured_media":25173,"comment_status":"open","ping_status":"open","sticky":false,"template":"","format":"standard","meta":{"_et_pb_use_builder":"on","_et_pb_old_content":"","_et_gb_content_width":"","footnotes":""},"categories":[1],"tags":[],"class_list":["post-25172","post","type-post","status-publish","format-standard","has-post-thumbnail","hentry","category-uncategorized"],"yoast_head":"<!-- This site is optimized with the Yoast SEO plugin v28.3 - https:\/\/yoast.com\/product\/yoast-seo-wordpress\/ -->\n<title>Presentaci\u00f3n \u00bbExpediente Triana: la noche de Carmen Arrabal\u00bb - Colegio Salesiano San Pedro<\/title>\n<meta name=\"robots\" content=\"noindex, follow\" \/>\n<meta property=\"og:locale\" content=\"es_ES\" \/>\n<meta property=\"og:type\" content=\"article\" \/>\n<meta property=\"og:title\" content=\"Presentaci\u00f3n \u00bbExpediente Triana: la noche de Carmen Arrabal\u00bb - Colegio Salesiano San Pedro\" \/>\n<meta property=\"og:description\" content=\"Una velada de misterio y literatura en el teatro del colegio La tarde del pasado jueves se convirti\u00f3 en una experiencia inolvidable para toda nuestra comunidad educativa. El teatro de nuestro colegio, escenario habitual de actos acad\u00e9micos y celebraciones, se transform\u00f3 en un lugar cargado de suspense y curiosidad para acoger la presentaci\u00f3n del libro [&hellip;]\" \/>\n<meta property=\"og:url\" content=\"https:\/\/triana.salesianos.edu\/colegio\/blog\/2025\/12\/05\/presentacion-expediente-triana-la-noche-de-carmen-arrabal\/\" \/>\n<meta property=\"og:site_name\" content=\"Colegio Salesiano San Pedro\" \/>\n<meta property=\"article:published_time\" content=\"2025-12-05T06:52:31+00:00\" \/>\n<meta property=\"og:image\" content=\"https:\/\/triana.salesianos.edu\/colegio\/wp-content\/uploads\/sites\/2\/2025\/12\/2.png\" \/>\n\t<meta property=\"og:image:width\" content=\"940\" \/>\n\t<meta property=\"og:image:height\" content=\"788\" \/>\n\t<meta property=\"og:image:type\" content=\"image\/png\" \/>\n<meta name=\"author\" content=\"Gestor Web\" \/>\n<meta name=\"twitter:card\" content=\"summary_large_image\" \/>\n<meta name=\"twitter:label1\" content=\"Escrito por\" \/>\n\t<meta name=\"twitter:data1\" content=\"Gestor Web\" \/>\n\t<meta name=\"twitter:label2\" content=\"Tiempo de lectura\" \/>\n\t<meta name=\"twitter:data2\" content=\"5 minutos\" \/>\n<script type=\"application\/ld+json\" class=\"yoast-schema-graph\">{\"@context\":\"https:\\\/\\\/schema.org\",\"@graph\":[{\"@type\":\"Article\",\"@id\":\"https:\\\/\\\/triana.salesianos.edu\\\/colegio\\\/blog\\\/2025\\\/12\\\/05\\\/presentacion-expediente-triana-la-noche-de-carmen-arrabal\\\/#article\",\"isPartOf\":{\"@id\":\"https:\\\/\\\/triana.salesianos.edu\\\/colegio\\\/blog\\\/2025\\\/12\\\/05\\\/presentacion-expediente-triana-la-noche-de-carmen-arrabal\\\/\"},\"author\":{\"name\":\"Gestor Web\",\"@id\":\"https:\\\/\\\/triana.salesianos.edu\\\/colegio\\\/#\\\/schema\\\/person\\\/ac56d09b53320706efba5d42fa54fa77\"},\"headline\":\"Presentaci\u00f3n \u00bbExpediente Triana: la noche de Carmen Arrabal\u00bb\",\"datePublished\":\"2025-12-05T06:52:31+00:00\",\"mainEntityOfPage\":{\"@id\":\"https:\\\/\\\/triana.salesianos.edu\\\/colegio\\\/blog\\\/2025\\\/12\\\/05\\\/presentacion-expediente-triana-la-noche-de-carmen-arrabal\\\/\"},\"wordCount\":984,\"commentCount\":0,\"image\":{\"@id\":\"https:\\\/\\\/triana.salesianos.edu\\\/colegio\\\/blog\\\/2025\\\/12\\\/05\\\/presentacion-expediente-triana-la-noche-de-carmen-arrabal\\\/#primaryimage\"},\"thumbnailUrl\":\"https:\\\/\\\/triana.salesianos.edu\\\/colegio\\\/wp-content\\\/uploads\\\/sites\\\/2\\\/2025\\\/12\\\/2.png\",\"articleSection\":[\"Uncategorized\"],\"inLanguage\":\"es\",\"potentialAction\":[{\"@type\":\"CommentAction\",\"name\":\"Comment\",\"target\":[\"https:\\\/\\\/triana.salesianos.edu\\\/colegio\\\/blog\\\/2025\\\/12\\\/05\\\/presentacion-expediente-triana-la-noche-de-carmen-arrabal\\\/#respond\"]}]},{\"@type\":\"WebPage\",\"@id\":\"https:\\\/\\\/triana.salesianos.edu\\\/colegio\\\/blog\\\/2025\\\/12\\\/05\\\/presentacion-expediente-triana-la-noche-de-carmen-arrabal\\\/\",\"url\":\"https:\\\/\\\/triana.salesianos.edu\\\/colegio\\\/blog\\\/2025\\\/12\\\/05\\\/presentacion-expediente-triana-la-noche-de-carmen-arrabal\\\/\",\"name\":\"Presentaci\u00f3n \u00bbExpediente Triana: la noche de Carmen Arrabal\u00bb - Colegio Salesiano San Pedro\",\"isPartOf\":{\"@id\":\"https:\\\/\\\/triana.salesianos.edu\\\/colegio\\\/#website\"},\"primaryImageOfPage\":{\"@id\":\"https:\\\/\\\/triana.salesianos.edu\\\/colegio\\\/blog\\\/2025\\\/12\\\/05\\\/presentacion-expediente-triana-la-noche-de-carmen-arrabal\\\/#primaryimage\"},\"image\":{\"@id\":\"https:\\\/\\\/triana.salesianos.edu\\\/colegio\\\/blog\\\/2025\\\/12\\\/05\\\/presentacion-expediente-triana-la-noche-de-carmen-arrabal\\\/#primaryimage\"},\"thumbnailUrl\":\"https:\\\/\\\/triana.salesianos.edu\\\/colegio\\\/wp-content\\\/uploads\\\/sites\\\/2\\\/2025\\\/12\\\/2.png\",\"datePublished\":\"2025-12-05T06:52:31+00:00\",\"author\":{\"@id\":\"https:\\\/\\\/triana.salesianos.edu\\\/colegio\\\/#\\\/schema\\\/person\\\/ac56d09b53320706efba5d42fa54fa77\"},\"breadcrumb\":{\"@id\":\"https:\\\/\\\/triana.salesianos.edu\\\/colegio\\\/blog\\\/2025\\\/12\\\/05\\\/presentacion-expediente-triana-la-noche-de-carmen-arrabal\\\/#breadcrumb\"},\"inLanguage\":\"es\",\"potentialAction\":[{\"@type\":\"ReadAction\",\"target\":[\"https:\\\/\\\/triana.salesianos.edu\\\/colegio\\\/blog\\\/2025\\\/12\\\/05\\\/presentacion-expediente-triana-la-noche-de-carmen-arrabal\\\/\"]}]},{\"@type\":\"ImageObject\",\"inLanguage\":\"es\",\"@id\":\"https:\\\/\\\/triana.salesianos.edu\\\/colegio\\\/blog\\\/2025\\\/12\\\/05\\\/presentacion-expediente-triana-la-noche-de-carmen-arrabal\\\/#primaryimage\",\"url\":\"https:\\\/\\\/triana.salesianos.edu\\\/colegio\\\/wp-content\\\/uploads\\\/sites\\\/2\\\/2025\\\/12\\\/2.png\",\"contentUrl\":\"https:\\\/\\\/triana.salesianos.edu\\\/colegio\\\/wp-content\\\/uploads\\\/sites\\\/2\\\/2025\\\/12\\\/2.png\",\"width\":940,\"height\":788},{\"@type\":\"BreadcrumbList\",\"@id\":\"https:\\\/\\\/triana.salesianos.edu\\\/colegio\\\/blog\\\/2025\\\/12\\\/05\\\/presentacion-expediente-triana-la-noche-de-carmen-arrabal\\\/#breadcrumb\",\"itemListElement\":[{\"@type\":\"ListItem\",\"position\":1,\"name\":\"Portada\",\"item\":\"https:\\\/\\\/triana.salesianos.edu\\\/colegio\\\/\"},{\"@type\":\"ListItem\",\"position\":2,\"name\":\"Presentaci\u00f3n \u00bbExpediente Triana: la noche de Carmen Arrabal\u00bb\"}]},{\"@type\":\"WebSite\",\"@id\":\"https:\\\/\\\/triana.salesianos.edu\\\/colegio\\\/#website\",\"url\":\"https:\\\/\\\/triana.salesianos.edu\\\/colegio\\\/\",\"name\":\"Colegio Salesiano San Pedro\",\"description\":\"P\u00e1gina oficial Salesianos Triana Sevilla\",\"potentialAction\":[{\"@type\":\"SearchAction\",\"target\":{\"@type\":\"EntryPoint\",\"urlTemplate\":\"https:\\\/\\\/triana.salesianos.edu\\\/colegio\\\/?s={search_term_string}\"},\"query-input\":{\"@type\":\"PropertyValueSpecification\",\"valueRequired\":true,\"valueName\":\"search_term_string\"}}],\"inLanguage\":\"es\"},{\"@type\":\"Person\",\"@id\":\"https:\\\/\\\/triana.salesianos.edu\\\/colegio\\\/#\\\/schema\\\/person\\\/ac56d09b53320706efba5d42fa54fa77\",\"name\":\"Gestor Web\",\"image\":{\"@type\":\"ImageObject\",\"inLanguage\":\"es\",\"@id\":\"https:\\\/\\\/secure.gravatar.com\\\/avatar\\\/2e89c91da47a7fb64ca5f65c45ef901e52d2b7a5c0f7eb1ae1e1c5f1e0c314da?s=96&d=mm&r=g\",\"url\":\"https:\\\/\\\/secure.gravatar.com\\\/avatar\\\/2e89c91da47a7fb64ca5f65c45ef901e52d2b7a5c0f7eb1ae1e1c5f1e0c314da?s=96&d=mm&r=g\",\"contentUrl\":\"https:\\\/\\\/secure.gravatar.com\\\/avatar\\\/2e89c91da47a7fb64ca5f65c45ef901e52d2b7a5c0f7eb1ae1e1c5f1e0c314da?s=96&d=mm&r=g\",\"caption\":\"Gestor Web\"}}]}<\/script>\n<!-- \/ Yoast SEO plugin. -->","yoast_head_json":{"title":"Presentaci\u00f3n \u00bbExpediente Triana: la noche de Carmen Arrabal\u00bb - Colegio Salesiano San Pedro","robots":{"index":"noindex","follow":"follow"},"og_locale":"es_ES","og_type":"article","og_title":"Presentaci\u00f3n \u00bbExpediente Triana: la noche de Carmen Arrabal\u00bb - Colegio Salesiano San Pedro","og_description":"Una velada de misterio y literatura en el teatro del colegio La tarde del pasado jueves se convirti\u00f3 en una experiencia inolvidable para toda nuestra comunidad educativa. El teatro de nuestro colegio, escenario habitual de actos acad\u00e9micos y celebraciones, se transform\u00f3 en un lugar cargado de suspense y curiosidad para acoger la presentaci\u00f3n del libro [&hellip;]","og_url":"https:\/\/triana.salesianos.edu\/colegio\/blog\/2025\/12\/05\/presentacion-expediente-triana-la-noche-de-carmen-arrabal\/","og_site_name":"Colegio Salesiano San Pedro","article_published_time":"2025-12-05T06:52:31+00:00","og_image":[{"width":940,"height":788,"url":"https:\/\/triana.salesianos.edu\/colegio\/wp-content\/uploads\/sites\/2\/2025\/12\/2.png","type":"image\/png"}],"author":"Gestor Web","twitter_card":"summary_large_image","twitter_misc":{"Escrito por":"Gestor Web","Tiempo de lectura":"5 minutos"},"schema":{"@context":"https:\/\/schema.org","@graph":[{"@type":"Article","@id":"https:\/\/triana.salesianos.edu\/colegio\/blog\/2025\/12\/05\/presentacion-expediente-triana-la-noche-de-carmen-arrabal\/#article","isPartOf":{"@id":"https:\/\/triana.salesianos.edu\/colegio\/blog\/2025\/12\/05\/presentacion-expediente-triana-la-noche-de-carmen-arrabal\/"},"author":{"name":"Gestor Web","@id":"https:\/\/triana.salesianos.edu\/colegio\/#\/schema\/person\/ac56d09b53320706efba5d42fa54fa77"},"headline":"Presentaci\u00f3n \u00bbExpediente Triana: la noche de Carmen Arrabal\u00bb","datePublished":"2025-12-05T06:52:31+00:00","mainEntityOfPage":{"@id":"https:\/\/triana.salesianos.edu\/colegio\/blog\/2025\/12\/05\/presentacion-expediente-triana-la-noche-de-carmen-arrabal\/"},"wordCount":984,"commentCount":0,"image":{"@id":"https:\/\/triana.salesianos.edu\/colegio\/blog\/2025\/12\/05\/presentacion-expediente-triana-la-noche-de-carmen-arrabal\/#primaryimage"},"thumbnailUrl":"https:\/\/triana.salesianos.edu\/colegio\/wp-content\/uploads\/sites\/2\/2025\/12\/2.png","articleSection":["Uncategorized"],"inLanguage":"es","potentialAction":[{"@type":"CommentAction","name":"Comment","target":["https:\/\/triana.salesianos.edu\/colegio\/blog\/2025\/12\/05\/presentacion-expediente-triana-la-noche-de-carmen-arrabal\/#respond"]}]},{"@type":"WebPage","@id":"https:\/\/triana.salesianos.edu\/colegio\/blog\/2025\/12\/05\/presentacion-expediente-triana-la-noche-de-carmen-arrabal\/","url":"https:\/\/triana.salesianos.edu\/colegio\/blog\/2025\/12\/05\/presentacion-expediente-triana-la-noche-de-carmen-arrabal\/","name":"Presentaci\u00f3n \u00bbExpediente Triana: la noche de Carmen Arrabal\u00bb - Colegio Salesiano San Pedro","isPartOf":{"@id":"https:\/\/triana.salesianos.edu\/colegio\/#website"},"primaryImageOfPage":{"@id":"https:\/\/triana.salesianos.edu\/colegio\/blog\/2025\/12\/05\/presentacion-expediente-triana-la-noche-de-carmen-arrabal\/#primaryimage"},"image":{"@id":"https:\/\/triana.salesianos.edu\/colegio\/blog\/2025\/12\/05\/presentacion-expediente-triana-la-noche-de-carmen-arrabal\/#primaryimage"},"thumbnailUrl":"https:\/\/triana.salesianos.edu\/colegio\/wp-content\/uploads\/sites\/2\/2025\/12\/2.png","datePublished":"2025-12-05T06:52:31+00:00","author":{"@id":"https:\/\/triana.salesianos.edu\/colegio\/#\/schema\/person\/ac56d09b53320706efba5d42fa54fa77"},"breadcrumb":{"@id":"https:\/\/triana.salesianos.edu\/colegio\/blog\/2025\/12\/05\/presentacion-expediente-triana-la-noche-de-carmen-arrabal\/#breadcrumb"},"inLanguage":"es","potentialAction":[{"@type":"ReadAction","target":["https:\/\/triana.salesianos.edu\/colegio\/blog\/2025\/12\/05\/presentacion-expediente-triana-la-noche-de-carmen-arrabal\/"]}]},{"@type":"ImageObject","inLanguage":"es","@id":"https:\/\/triana.salesianos.edu\/colegio\/blog\/2025\/12\/05\/presentacion-expediente-triana-la-noche-de-carmen-arrabal\/#primaryimage","url":"https:\/\/triana.salesianos.edu\/colegio\/wp-content\/uploads\/sites\/2\/2025\/12\/2.png","contentUrl":"https:\/\/triana.salesianos.edu\/colegio\/wp-content\/uploads\/sites\/2\/2025\/12\/2.png","width":940,"height":788},{"@type":"BreadcrumbList","@id":"https:\/\/triana.salesianos.edu\/colegio\/blog\/2025\/12\/05\/presentacion-expediente-triana-la-noche-de-carmen-arrabal\/#breadcrumb","itemListElement":[{"@type":"ListItem","position":1,"name":"Portada","item":"https:\/\/triana.salesianos.edu\/colegio\/"},{"@type":"ListItem","position":2,"name":"Presentaci\u00f3n \u00bbExpediente Triana: la noche de Carmen Arrabal\u00bb"}]},{"@type":"WebSite","@id":"https:\/\/triana.salesianos.edu\/colegio\/#website","url":"https:\/\/triana.salesianos.edu\/colegio\/","name":"Colegio Salesiano San Pedro","description":"P\u00e1gina oficial Salesianos Triana Sevilla","potentialAction":[{"@type":"SearchAction","target":{"@type":"EntryPoint","urlTemplate":"https:\/\/triana.salesianos.edu\/colegio\/?s={search_term_string}"},"query-input":{"@type":"PropertyValueSpecification","valueRequired":true,"valueName":"search_term_string"}}],"inLanguage":"es"},{"@type":"Person","@id":"https:\/\/triana.salesianos.edu\/colegio\/#\/schema\/person\/ac56d09b53320706efba5d42fa54fa77","name":"Gestor Web","image":{"@type":"ImageObject","inLanguage":"es","@id":"https:\/\/secure.gravatar.com\/avatar\/2e89c91da47a7fb64ca5f65c45ef901e52d2b7a5c0f7eb1ae1e1c5f1e0c314da?s=96&d=mm&r=g","url":"https:\/\/secure.gravatar.com\/avatar\/2e89c91da47a7fb64ca5f65c45ef901e52d2b7a5c0f7eb1ae1e1c5f1e0c314da?s=96&d=mm&r=g","contentUrl":"https:\/\/secure.gravatar.com\/avatar\/2e89c91da47a7fb64ca5f65c45ef901e52d2b7a5c0f7eb1ae1e1c5f1e0c314da?s=96&d=mm&r=g","caption":"Gestor Web"}}]}},"_links":{"self":[{"href":"https:\/\/triana.salesianos.edu\/colegio\/wp-json\/wp\/v2\/posts\/25172","targetHints":{"allow":["GET"]}}],"collection":[{"href":"https:\/\/triana.salesianos.edu\/colegio\/wp-json\/wp\/v2\/posts"}],"about":[{"href":"https:\/\/triana.salesianos.edu\/colegio\/wp-json\/wp\/v2\/types\/post"}],"author":[{"embeddable":true,"href":"https:\/\/triana.salesianos.edu\/colegio\/wp-json\/wp\/v2\/users\/3"}],"replies":[{"embeddable":true,"href":"https:\/\/triana.salesianos.edu\/colegio\/wp-json\/wp\/v2\/comments?post=25172"}],"version-history":[{"count":0,"href":"https:\/\/triana.salesianos.edu\/colegio\/wp-json\/wp\/v2\/posts\/25172\/revisions"}],"wp:featuredmedia":[{"embeddable":true,"href":"https:\/\/triana.salesianos.edu\/colegio\/wp-json\/wp\/v2\/media\/25173"}],"wp:attachment":[{"href":"https:\/\/triana.salesianos.edu\/colegio\/wp-json\/wp\/v2\/media?parent=25172"}],"wp:term":[{"taxonomy":"category","embeddable":true,"href":"https:\/\/triana.salesianos.edu\/colegio\/wp-json\/wp\/v2\/categories?post=25172"},{"taxonomy":"post_tag","embeddable":true,"href":"https:\/\/triana.salesianos.edu\/colegio\/wp-json\/wp\/v2\/tags?post=25172"}],"curies":[{"name":"wp","href":"https:\/\/api.w.org\/{rel}","templated":true}]}}