{"id":24719,"date":"2024-06-06T09:39:51","date_gmt":"2024-06-06T08:39:51","guid":{"rendered":"https:\/\/triana.salesianos.edu\/colegio\/?p=24719"},"modified":"2024-06-06T09:39:51","modified_gmt":"2024-06-06T08:39:51","slug":"otra-promocion-de-bachillerato-dice-adios","status":"publish","type":"post","link":"https:\/\/triana.salesianos.edu\/colegio\/blog\/2024\/06\/06\/otra-promocion-de-bachillerato-dice-adios\/","title":{"rendered":"Otra promoci\u00f3n de Bachillerato dice adi\u00f3s"},"content":{"rendered":"<div id=\"fb-root\"><\/div>\n<p>[et_pb_section fb_built=\u00bb1&#8243; fullwidth=\u00bbon\u00bb admin_label=\u00bbSecci\u00f3n\u00bb _builder_version=\u00bb4.16&#8243; global_colors_info=\u00bb{}\u00bb theme_builder_area=\u00bbpost_content\u00bb][et_pb_fullwidth_header title=\u00bbOtra promoci\u00f3n de Bachillerato dice adi\u00f3s\u00bb content_max_width=\u00bbnone\u00bb title_font_color=\u00bb#ffffff\u00bb admin_label=\u00bbT\u00edtulo de anchura completa\u00bb module_class=\u00bbpagina-imagen-cabecera\u00bb _builder_version=\u00bb4.25.1&#8243; title_text_color=\u00bb#ffffff\u00bb title_font_size=\u00bb40px\u00bb background_color=\u00bbrgba(255, 255, 255, 0)\u00bb background_image=\u00bbhttps:\/\/triana.salesianos.edu\/wp-content\/uploads\/2024\/06\/Graducacion-Bachillerato-2024-29-de-204-scaled.jpg\u00bb background_layout=\u00bblight\u00bb hover_enabled=\u00bb0&#8243; background_url=\u00bbhttp:\/\/webpiloto.salesianos.edu\/wp-content\/uploads\/2017\/02\/ImagenPAGINA01.png\u00bb button_one_letter_spacing_hover=\u00bb0&#8243; button_two_letter_spacing_hover=\u00bb0&#8243; global_colors_info=\u00bb{}\u00bb button_one_text_size__hover_enabled=\u00bboff\u00bb button_two_text_size__hover_enabled=\u00bboff\u00bb button_one_text_color__hover_enabled=\u00bboff\u00bb button_two_text_color__hover_enabled=\u00bboff\u00bb button_one_border_width__hover_enabled=\u00bboff\u00bb button_two_border_width__hover_enabled=\u00bboff\u00bb button_one_border_color__hover_enabled=\u00bboff\u00bb button_two_border_color__hover_enabled=\u00bboff\u00bb button_one_border_radius__hover_enabled=\u00bboff\u00bb button_two_border_radius__hover_enabled=\u00bboff\u00bb button_one_letter_spacing__hover_enabled=\u00bbon\u00bb button_one_letter_spacing__hover=\u00bb0&#8243; button_two_letter_spacing__hover_enabled=\u00bbon\u00bb button_two_letter_spacing__hover=\u00bb0&#8243; button_one_bg_color__hover_enabled=\u00bboff\u00bb button_two_bg_color__hover_enabled=\u00bboff\u00bb theme_builder_area=\u00bbpost_content\u00bb title_text=\u00bbGraducaci\u00f3n Bachillerato 2024 (29 de 204)\u00bb sticky_enabled=\u00bb0&#8243;][\/et_pb_fullwidth_header][\/et_pb_section][et_pb_section fb_built=\u00bb1&#8243; admin_label=\u00bbSecci\u00f3n\u00bb module_class=\u00bbpagina-seccion-contenido\u00bb _builder_version=\u00bb4.16&#8243; custom_padding=\u00bb-4%|||\u00bb transparent_background=\u00bboff\u00bb make_fullwidth=\u00bboff\u00bb use_custom_width=\u00bboff\u00bb width_unit=\u00bbon\u00bb global_colors_info=\u00bb{}\u00bb theme_builder_area=\u00bbpost_content\u00bb][et_pb_row admin_label=\u00bbFila\u00bb module_class=\u00bbpagina-texto\u00bb _builder_version=\u00bb4.16&#8243; background_size=\u00bbinitial\u00bb background_position=\u00bbtop_left\u00bb background_repeat=\u00bbrepeat\u00bb make_fullwidth=\u00bboff\u00bb use_custom_width=\u00bboff\u00bb width_unit=\u00bbon\u00bb global_colors_info=\u00bb{}\u00bb theme_builder_area=\u00bbpost_content\u00bb][et_pb_column type=\u00bb4_4&#8243; _builder_version=\u00bb4.16&#8243; custom_padding=\u00bb|||\u00bb global_colors_info=\u00bb{}\u00bb custom_padding__hover=\u00bb|||\u00bb theme_builder_area=\u00bbpost_content\u00bb][et_pb_text admin_label=\u00bbTexto\u00bb _builder_version=\u00bb4.25.1&#8243; background_size=\u00bbinitial\u00bb background_position=\u00bbtop_left\u00bb background_repeat=\u00bbrepeat\u00bb hover_enabled=\u00bb0&#8243; use_border_color=\u00bboff\u00bb border_color=\u00bb#ffffff\u00bb border_style=\u00bbsolid\u00bb global_colors_info=\u00bb{}\u00bb theme_builder_area=\u00bbpost_content\u00bb sticky_enabled=\u00bb0&#8243;]<\/p>\n<p>El pasado mi\u00e9rcoles 29 de mayo se llev\u00f3 a cabo en nuestra casa, la emotiva ceremonia de graduaci\u00f3n de nuestros alumnos de 2\u00ba de Bachillerato. Fue un evento lleno de sentimientos encontrados, marcado por la alegr\u00eda de los logros alcanzados y la nostalgia de despedir a j\u00f3venes que han dejado una huella imborrable en nuestra instituci\u00f3n.<\/p>\n<p>El acto acad\u00e9mico dio inicio con la intervenci\u00f3n del jefe de estudios, Don Justo Ramos, quien en su discurso destac\u00f3 la importancia del esfuerzo y dedicaci\u00f3n de los alumnos durante estos a\u00f1os. Don Justo resalt\u00f3 el compromiso y la excelencia acad\u00e9mica que han caracterizado a esta promoci\u00f3n, record\u00e1ndonos que la educaci\u00f3n es una herramienta poderosa para transformar el mundo. Posteriormente, tom\u00f3 la palabra Do\u00f1a Marta Hern\u00e1ndez, alumna representante de la promoci\u00f3n. Sus palabras conmovieron profundamente a todos los presentes. Marta habl\u00f3 desde el coraz\u00f3n, recordando an\u00e9cdotas y experiencias compartidas, y agradeci\u00f3 a los profesores y a las familias por el apoyo incondicional. Su discurso fue un reflejo de la madurez y sensibilidad que ha cultivado a lo largo de su estancia en nuestro colegio.<\/p>\n<p>Los directores, Don Julio Vera y Don Francisco Jos\u00e9 P\u00e9rez Camacho, tambi\u00e9n ofrecieron sus reflexiones en esta especial ocasi\u00f3n. Don Julio subray\u00f3 el valor de la educaci\u00f3n integral que se imparte en nuestro centro, basada en los principios del carisma salesiano. Por su parte, Don Francisco Jos\u00e9 record\u00f3 la importancia de los valores humanos, como la solidaridad, el respeto y la responsabilidad, que nuestros alumnos han aprendido y practicado.<\/p>\n<p>Uno de los momentos m\u00e1s esperados fue la imposici\u00f3n de reconocimientos al esfuerzo y trabajo, as\u00ed como a los valores humanos. Estos premios simbolizan el reconocimiento a aquellos estudiantes que no solo han destacado acad\u00e9micamente, sino tambi\u00e9n por su calidad humana y su compromiso con los dem\u00e1s. Seguidamente, se procedi\u00f3 a la imposici\u00f3n de becas a todos los alumnos graduados. Este acto, cargado de simbolismo, representa la culminaci\u00f3n de una etapa y el inicio de nuevas y prometedoras aventuras para nuestros estudiantes.<\/p>\n<p>La ceremonia continu\u00f3 con una solemne eucarist\u00eda de acci\u00f3n de gracias, donde se pidi\u00f3 por el futuro de estos j\u00f3venes y se agradeci\u00f3 por el tiempo compartido. La misa fue un momento de recogimiento y espiritualidad, donde se reafirmaron los valores cristianos que han sido pilar fundamental en su formaci\u00f3n. Para finalizar la jornada, se celebr\u00f3 una cena de despedida. Fue una velada entra\u00f1able, llena de recuerdos, risas y l\u00e1grimas, donde alumnos, padres y profesores compartieron an\u00e9cdotas y se despidieron con la promesa de llevar siempre en el coraz\u00f3n los valores y ense\u00f1anzas de nuestra instituci\u00f3n.<\/p>\n<p>Desde nuestro colegio, les deseamos a todos nuestros graduados mucho \u00e9xito en sus futuras andaduras y les recordamos que esta siempre ser\u00e1 su casa. Que la Virgen Mar\u00eda Auxiliadora y Don Bosco los acompa\u00f1en y gu\u00eden en su camino.<\/p>\n<h2><strong><span style=\"color: #dc001b;\">GALER\u00cdA DE FOTOS<\/span><\/strong><\/h2>\n<p>&nbsp;<\/p>\n<p>[\/et_pb_text][et_pb_gallery _builder_version=\u00bb4.25.1&#8243; _module_preset=\u00bbdefault\u00bb theme_builder_area=\u00bbpost_content\u00bb gallery_ids=\u00bb66168,66167,66166,66165,66164,66163,66162,66161,66160,66159,66158,66157,66156,66155,66154,66153,66152,66151,66150,66149,66148,66147,66146,66145,66144,66143,66142,66141,66140,66139,66138,66137,66136,66135,66134,66133,66132,66131,66130,66129,66128,66127,66126,66125,66124,66123,66122,66121,66120,66119,66118,66117,66116,66115,66114,66113,66112,66111,66110,66109,66108,66107,66106,66105,66104,66103,66102,66101,66100,66099,66098,66097,66096,66095,66094,66093,66092,66091,66090,66089,66088,66087,66086,66085,66084,66083,66082,66081,66080,66079,66078,66077,66076,66075,66074,66073,66072,66071,66070,66069,66068,66067,66066,66065,66064,66063,66062,66061,66060,66059,66058,66057,66056,66055,66054,66053,66052,66051,66050,66049,66048,66047,66046,66045,66044,66043,66042,66041,66040,66039,66038,66037,66036,66035,66034,66033,66032,66031,66030,66029,66028,66027,66026,66025,66024,66023,66022,66021,66020,66019,66018,66017,66016,66015,66014,66013,66012,66011,66010,66009,66008,66007,66006,66005,66004,66003,66002,66001,66000,65999,65998,65997,65996,65995,65994,65993,65992,65991,65990,65989,65988,65987,65986,65985,65984,65983,65982,65981,65980,65979,65978,65977,65976,65975&#8243; hover_enabled=\u00bb0&#8243; sticky_enabled=\u00bb0&#8243;][\/et_pb_gallery][et_pb_video _builder_version=\u00bb4.25.1&#8243; _module_preset=\u00bbdefault\u00bb theme_builder_area=\u00bbpost_content\u00bb src=\u00bbhttps:\/\/www.youtube.com\/watch?v=JuGcTGn4bbQ\u00bb hover_enabled=\u00bb0&#8243; sticky_enabled=\u00bb0&#8243;][\/et_pb_video][\/et_pb_column][\/et_pb_row][\/et_pb_section]<\/p>\n","protected":false},"excerpt":{"rendered":"<p>El pasado mi\u00e9rcoles 29 de mayo se llev\u00f3 a cabo en nuestra casa, la emotiva ceremonia de graduaci\u00f3n de nuestros alumnos de 2\u00ba de Bachillerato. Fue un evento lleno de sentimientos encontrados, marcado por la alegr\u00eda de los logros alcanzados y la nostalgia de despedir a j\u00f3venes que han dejado una huella imborrable en nuestra [&hellip;]<\/p>\n","protected":false},"author":3,"featured_media":0,"comment_status":"open","ping_status":"open","sticky":false,"template":"","format":"standard","meta":{"_et_pb_use_builder":"on","_et_pb_old_content":"","_et_gb_content_width":"","footnotes":""},"categories":[20,27,16,34,1],"tags":[],"class_list":["post-24719","post","type-post","status-publish","format-standard","hentry","category-bachillerato","category-colegio","category-portada","category-portada-imagen","category-uncategorized"],"yoast_head":"<!-- This site is optimized with the Yoast SEO plugin v28.3 - https:\/\/yoast.com\/product\/yoast-seo-wordpress\/ -->\n<title>Otra promoci\u00f3n de Bachillerato dice adi\u00f3s - Colegio Salesiano San Pedro<\/title>\n<meta name=\"robots\" content=\"noindex, follow\" \/>\n<meta property=\"og:locale\" content=\"es_ES\" \/>\n<meta property=\"og:type\" content=\"article\" \/>\n<meta property=\"og:title\" content=\"Otra promoci\u00f3n de Bachillerato dice adi\u00f3s - Colegio Salesiano San Pedro\" \/>\n<meta property=\"og:description\" content=\"El pasado mi\u00e9rcoles 29 de mayo se llev\u00f3 a cabo en nuestra casa, la emotiva ceremonia de graduaci\u00f3n de nuestros alumnos de 2\u00ba de Bachillerato. Fue un evento lleno de sentimientos encontrados, marcado por la alegr\u00eda de los logros alcanzados y la nostalgia de despedir a j\u00f3venes que han dejado una huella imborrable en nuestra [&hellip;]\" \/>\n<meta property=\"og:url\" content=\"https:\/\/triana.salesianos.edu\/colegio\/blog\/2024\/06\/06\/otra-promocion-de-bachillerato-dice-adios\/\" \/>\n<meta property=\"og:site_name\" content=\"Colegio Salesiano San Pedro\" \/>\n<meta property=\"article:published_time\" content=\"2024-06-06T08:39:51+00:00\" \/>\n<meta name=\"author\" content=\"Gestor Web\" \/>\n<meta name=\"twitter:card\" content=\"summary_large_image\" \/>\n<meta name=\"twitter:label1\" content=\"Escrito por\" \/>\n\t<meta name=\"twitter:data1\" content=\"Gestor Web\" \/>\n\t<meta name=\"twitter:label2\" content=\"Tiempo de lectura\" \/>\n\t<meta name=\"twitter:data2\" content=\"47 minutos\" \/>\n<script type=\"application\/ld+json\" class=\"yoast-schema-graph\">{\"@context\":\"https:\\\/\\\/schema.org\",\"@graph\":[{\"@type\":\"Article\",\"@id\":\"https:\\\/\\\/triana.salesianos.edu\\\/colegio\\\/blog\\\/2024\\\/06\\\/06\\\/otra-promocion-de-bachillerato-dice-adios\\\/#article\",\"isPartOf\":{\"@id\":\"https:\\\/\\\/triana.salesianos.edu\\\/colegio\\\/blog\\\/2024\\\/06\\\/06\\\/otra-promocion-de-bachillerato-dice-adios\\\/\"},\"author\":{\"name\":\"Gestor Web\",\"@id\":\"https:\\\/\\\/triana.salesianos.edu\\\/colegio\\\/#\\\/schema\\\/person\\\/ac56d09b53320706efba5d42fa54fa77\"},\"headline\":\"Otra promoci\u00f3n de Bachillerato dice adi\u00f3s\",\"datePublished\":\"2024-06-06T08:39:51+00:00\",\"mainEntityOfPage\":{\"@id\":\"https:\\\/\\\/triana.salesianos.edu\\\/colegio\\\/blog\\\/2024\\\/06\\\/06\\\/otra-promocion-de-bachillerato-dice-adios\\\/\"},\"wordCount\":952,\"commentCount\":0,\"articleSection\":[\"Bachillerato\",\"Colegio\",\"Portada\",\"Portada Imagen\",\"Uncategorized\"],\"inLanguage\":\"es\",\"potentialAction\":[{\"@type\":\"CommentAction\",\"name\":\"Comment\",\"target\":[\"https:\\\/\\\/triana.salesianos.edu\\\/colegio\\\/blog\\\/2024\\\/06\\\/06\\\/otra-promocion-de-bachillerato-dice-adios\\\/#respond\"]}]},{\"@type\":\"WebPage\",\"@id\":\"https:\\\/\\\/triana.salesianos.edu\\\/colegio\\\/blog\\\/2024\\\/06\\\/06\\\/otra-promocion-de-bachillerato-dice-adios\\\/\",\"url\":\"https:\\\/\\\/triana.salesianos.edu\\\/colegio\\\/blog\\\/2024\\\/06\\\/06\\\/otra-promocion-de-bachillerato-dice-adios\\\/\",\"name\":\"Otra promoci\u00f3n de Bachillerato dice adi\u00f3s - Colegio Salesiano San Pedro\",\"isPartOf\":{\"@id\":\"https:\\\/\\\/triana.salesianos.edu\\\/colegio\\\/#website\"},\"datePublished\":\"2024-06-06T08:39:51+00:00\",\"author\":{\"@id\":\"https:\\\/\\\/triana.salesianos.edu\\\/colegio\\\/#\\\/schema\\\/person\\\/ac56d09b53320706efba5d42fa54fa77\"},\"breadcrumb\":{\"@id\":\"https:\\\/\\\/triana.salesianos.edu\\\/colegio\\\/blog\\\/2024\\\/06\\\/06\\\/otra-promocion-de-bachillerato-dice-adios\\\/#breadcrumb\"},\"inLanguage\":\"es\",\"potentialAction\":[{\"@type\":\"ReadAction\",\"target\":[\"https:\\\/\\\/triana.salesianos.edu\\\/colegio\\\/blog\\\/2024\\\/06\\\/06\\\/otra-promocion-de-bachillerato-dice-adios\\\/\"]}]},{\"@type\":\"BreadcrumbList\",\"@id\":\"https:\\\/\\\/triana.salesianos.edu\\\/colegio\\\/blog\\\/2024\\\/06\\\/06\\\/otra-promocion-de-bachillerato-dice-adios\\\/#breadcrumb\",\"itemListElement\":[{\"@type\":\"ListItem\",\"position\":1,\"name\":\"Portada\",\"item\":\"https:\\\/\\\/triana.salesianos.edu\\\/colegio\\\/\"},{\"@type\":\"ListItem\",\"position\":2,\"name\":\"Otra promoci\u00f3n de Bachillerato dice adi\u00f3s\"}]},{\"@type\":\"WebSite\",\"@id\":\"https:\\\/\\\/triana.salesianos.edu\\\/colegio\\\/#website\",\"url\":\"https:\\\/\\\/triana.salesianos.edu\\\/colegio\\\/\",\"name\":\"Colegio Salesiano San Pedro\",\"description\":\"P\u00e1gina oficial Salesianos Triana Sevilla\",\"potentialAction\":[{\"@type\":\"SearchAction\",\"target\":{\"@type\":\"EntryPoint\",\"urlTemplate\":\"https:\\\/\\\/triana.salesianos.edu\\\/colegio\\\/?s={search_term_string}\"},\"query-input\":{\"@type\":\"PropertyValueSpecification\",\"valueRequired\":true,\"valueName\":\"search_term_string\"}}],\"inLanguage\":\"es\"},{\"@type\":\"Person\",\"@id\":\"https:\\\/\\\/triana.salesianos.edu\\\/colegio\\\/#\\\/schema\\\/person\\\/ac56d09b53320706efba5d42fa54fa77\",\"name\":\"Gestor Web\",\"image\":{\"@type\":\"ImageObject\",\"inLanguage\":\"es\",\"@id\":\"https:\\\/\\\/secure.gravatar.com\\\/avatar\\\/2e89c91da47a7fb64ca5f65c45ef901e52d2b7a5c0f7eb1ae1e1c5f1e0c314da?s=96&d=mm&r=g\",\"url\":\"https:\\\/\\\/secure.gravatar.com\\\/avatar\\\/2e89c91da47a7fb64ca5f65c45ef901e52d2b7a5c0f7eb1ae1e1c5f1e0c314da?s=96&d=mm&r=g\",\"contentUrl\":\"https:\\\/\\\/secure.gravatar.com\\\/avatar\\\/2e89c91da47a7fb64ca5f65c45ef901e52d2b7a5c0f7eb1ae1e1c5f1e0c314da?s=96&d=mm&r=g\",\"caption\":\"Gestor Web\"}}]}<\/script>\n<!-- \/ Yoast SEO plugin. -->","yoast_head_json":{"title":"Otra promoci\u00f3n de Bachillerato dice adi\u00f3s - Colegio Salesiano San Pedro","robots":{"index":"noindex","follow":"follow"},"og_locale":"es_ES","og_type":"article","og_title":"Otra promoci\u00f3n de Bachillerato dice adi\u00f3s - Colegio Salesiano San Pedro","og_description":"El pasado mi\u00e9rcoles 29 de mayo se llev\u00f3 a cabo en nuestra casa, la emotiva ceremonia de graduaci\u00f3n de nuestros alumnos de 2\u00ba de Bachillerato. Fue un evento lleno de sentimientos encontrados, marcado por la alegr\u00eda de los logros alcanzados y la nostalgia de despedir a j\u00f3venes que han dejado una huella imborrable en nuestra [&hellip;]","og_url":"https:\/\/triana.salesianos.edu\/colegio\/blog\/2024\/06\/06\/otra-promocion-de-bachillerato-dice-adios\/","og_site_name":"Colegio Salesiano San Pedro","article_published_time":"2024-06-06T08:39:51+00:00","author":"Gestor Web","twitter_card":"summary_large_image","twitter_misc":{"Escrito por":"Gestor Web","Tiempo de lectura":"47 minutos"},"schema":{"@context":"https:\/\/schema.org","@graph":[{"@type":"Article","@id":"https:\/\/triana.salesianos.edu\/colegio\/blog\/2024\/06\/06\/otra-promocion-de-bachillerato-dice-adios\/#article","isPartOf":{"@id":"https:\/\/triana.salesianos.edu\/colegio\/blog\/2024\/06\/06\/otra-promocion-de-bachillerato-dice-adios\/"},"author":{"name":"Gestor Web","@id":"https:\/\/triana.salesianos.edu\/colegio\/#\/schema\/person\/ac56d09b53320706efba5d42fa54fa77"},"headline":"Otra promoci\u00f3n de Bachillerato dice adi\u00f3s","datePublished":"2024-06-06T08:39:51+00:00","mainEntityOfPage":{"@id":"https:\/\/triana.salesianos.edu\/colegio\/blog\/2024\/06\/06\/otra-promocion-de-bachillerato-dice-adios\/"},"wordCount":952,"commentCount":0,"articleSection":["Bachillerato","Colegio","Portada","Portada Imagen","Uncategorized"],"inLanguage":"es","potentialAction":[{"@type":"CommentAction","name":"Comment","target":["https:\/\/triana.salesianos.edu\/colegio\/blog\/2024\/06\/06\/otra-promocion-de-bachillerato-dice-adios\/#respond"]}]},{"@type":"WebPage","@id":"https:\/\/triana.salesianos.edu\/colegio\/blog\/2024\/06\/06\/otra-promocion-de-bachillerato-dice-adios\/","url":"https:\/\/triana.salesianos.edu\/colegio\/blog\/2024\/06\/06\/otra-promocion-de-bachillerato-dice-adios\/","name":"Otra promoci\u00f3n de Bachillerato dice adi\u00f3s - Colegio Salesiano San Pedro","isPartOf":{"@id":"https:\/\/triana.salesianos.edu\/colegio\/#website"},"datePublished":"2024-06-06T08:39:51+00:00","author":{"@id":"https:\/\/triana.salesianos.edu\/colegio\/#\/schema\/person\/ac56d09b53320706efba5d42fa54fa77"},"breadcrumb":{"@id":"https:\/\/triana.salesianos.edu\/colegio\/blog\/2024\/06\/06\/otra-promocion-de-bachillerato-dice-adios\/#breadcrumb"},"inLanguage":"es","potentialAction":[{"@type":"ReadAction","target":["https:\/\/triana.salesianos.edu\/colegio\/blog\/2024\/06\/06\/otra-promocion-de-bachillerato-dice-adios\/"]}]},{"@type":"BreadcrumbList","@id":"https:\/\/triana.salesianos.edu\/colegio\/blog\/2024\/06\/06\/otra-promocion-de-bachillerato-dice-adios\/#breadcrumb","itemListElement":[{"@type":"ListItem","position":1,"name":"Portada","item":"https:\/\/triana.salesianos.edu\/colegio\/"},{"@type":"ListItem","position":2,"name":"Otra promoci\u00f3n de Bachillerato dice adi\u00f3s"}]},{"@type":"WebSite","@id":"https:\/\/triana.salesianos.edu\/colegio\/#website","url":"https:\/\/triana.salesianos.edu\/colegio\/","name":"Colegio Salesiano San Pedro","description":"P\u00e1gina oficial Salesianos Triana Sevilla","potentialAction":[{"@type":"SearchAction","target":{"@type":"EntryPoint","urlTemplate":"https:\/\/triana.salesianos.edu\/colegio\/?s={search_term_string}"},"query-input":{"@type":"PropertyValueSpecification","valueRequired":true,"valueName":"search_term_string"}}],"inLanguage":"es"},{"@type":"Person","@id":"https:\/\/triana.salesianos.edu\/colegio\/#\/schema\/person\/ac56d09b53320706efba5d42fa54fa77","name":"Gestor Web","image":{"@type":"ImageObject","inLanguage":"es","@id":"https:\/\/secure.gravatar.com\/avatar\/2e89c91da47a7fb64ca5f65c45ef901e52d2b7a5c0f7eb1ae1e1c5f1e0c314da?s=96&d=mm&r=g","url":"https:\/\/secure.gravatar.com\/avatar\/2e89c91da47a7fb64ca5f65c45ef901e52d2b7a5c0f7eb1ae1e1c5f1e0c314da?s=96&d=mm&r=g","contentUrl":"https:\/\/secure.gravatar.com\/avatar\/2e89c91da47a7fb64ca5f65c45ef901e52d2b7a5c0f7eb1ae1e1c5f1e0c314da?s=96&d=mm&r=g","caption":"Gestor Web"}}]}},"_links":{"self":[{"href":"https:\/\/triana.salesianos.edu\/colegio\/wp-json\/wp\/v2\/posts\/24719","targetHints":{"allow":["GET"]}}],"collection":[{"href":"https:\/\/triana.salesianos.edu\/colegio\/wp-json\/wp\/v2\/posts"}],"about":[{"href":"https:\/\/triana.salesianos.edu\/colegio\/wp-json\/wp\/v2\/types\/post"}],"author":[{"embeddable":true,"href":"https:\/\/triana.salesianos.edu\/colegio\/wp-json\/wp\/v2\/users\/3"}],"replies":[{"embeddable":true,"href":"https:\/\/triana.salesianos.edu\/colegio\/wp-json\/wp\/v2\/comments?post=24719"}],"version-history":[{"count":1,"href":"https:\/\/triana.salesianos.edu\/colegio\/wp-json\/wp\/v2\/posts\/24719\/revisions"}],"predecessor-version":[{"id":24720,"href":"https:\/\/triana.salesianos.edu\/colegio\/wp-json\/wp\/v2\/posts\/24719\/revisions\/24720"}],"wp:attachment":[{"href":"https:\/\/triana.salesianos.edu\/colegio\/wp-json\/wp\/v2\/media?parent=24719"}],"wp:term":[{"taxonomy":"category","embeddable":true,"href":"https:\/\/triana.salesianos.edu\/colegio\/wp-json\/wp\/v2\/categories?post=24719"},{"taxonomy":"post_tag","embeddable":true,"href":"https:\/\/triana.salesianos.edu\/colegio\/wp-json\/wp\/v2\/tags?post=24719"}],"curies":[{"name":"wp","href":"https:\/\/api.w.org\/{rel}","templated":true}]}}