{"id":24529,"date":"2023-10-15T16:10:03","date_gmt":"2023-10-15T15:10:03","guid":{"rendered":"https:\/\/triana.salesianos.edu\/colegio\/?p=24529"},"modified":"2023-10-15T16:10:03","modified_gmt":"2023-10-15T15:10:03","slug":"salesianos-triana-en-finlandia-con-erasmus","status":"publish","type":"post","link":"https:\/\/triana.salesianos.edu\/colegio\/blog\/2023\/10\/15\/salesianos-triana-en-finlandia-con-erasmus\/","title":{"rendered":"Salesianos Triana en Finlandia con Erasmus+"},"content":{"rendered":"<div id=\"fb-root\"><\/div>\n<p>[et_pb_section fb_built=\u00bb1&#8243; _builder_version=\u00bb4.22.2&#8243; _module_preset=\u00bbdefault\u00bb global_colors_info=\u00bb{}\u00bb][et_pb_row _builder_version=\u00bb4.22.2&#8243; _module_preset=\u00bbdefault\u00bb global_colors_info=\u00bb{}\u00bb][et_pb_column type=\u00bb4_4&#8243; _builder_version=\u00bb4.22.2&#8243; _module_preset=\u00bbdefault\u00bb global_colors_info=\u00bb{}\u00bb][et_pb_text _builder_version=\u00bb4.22.2&#8243; _module_preset=\u00bbdefault\u00bb hover_enabled=\u00bb0&#8243; global_colors_info=\u00bb{}\u00bb sticky_enabled=\u00bb0&#8243;]<\/p>\n<div class=\"Aovyg\" data-container=\"321667956\" data-fieldid=\"2127639410\" data-supportembedding=\"true\">\n<div class=\"o5ddgd\">\n<div class=\"roun9\">\n<div id=\"c105\" class=\"rPU8He\" data-chart=\"321667956\" data-fieldid=\"2127639410\">\n<div class=\"PlcjTc\">\n<h3 class=\"NC79P\"><span style=\"color: #dc001b;\"><strong>Dos de nuestros profesores participan en un jobshadowing en un centro educativo de Lieto, Finlandia.<\/strong><\/span><\/h3>\n<\/div>\n<\/div>\n<\/div>\n<\/div>\n<\/div>\n<div class=\"Aovyg\" data-container=\"1573573783\" data-fieldid=\"1035820180\" data-supportembedding=\"true\">\n<div class=\"o5ddgd\">\n<div class=\"roun9\">\n<div class=\"HEC51d\">\n<div data-chartcontainer=\"1573573783\">\n<div id=\"c108\" class=\"SLvR0\" role=\"heading\">La semana pasada, nuestro centro envi\u00f3 al profesor de Educaci\u00f3n F\u00edsica de Bachillerato y a la coordinadora Erasmus a Lieto, Finlandia, para llevar a cabo un programa de Jobshadowing con diversos objetivos. En primer lugar, se propusieron conocer el funcionamiento del sistema educativo de este pa\u00eds, adquirir nuevas metodolog\u00edas para la ense\u00f1anza de Educaci\u00f3n F\u00edsica y, por \u00faltimo, organizar el proyecto Erasmus+ que se iniciar\u00e1 este a\u00f1o sobre Educaci\u00f3n F\u00edsica y danzas populares, destinado a los alumnos. de 1\u00b0 de Bachillerato.<\/div>\n<\/div>\n<\/div>\n<\/div>\n<\/div>\n<\/div>\n<p>El centro educativo, Lieto Ludon, se encuentra ubicado en medio de un exuberante bosque, rodeado de un paisaje incomparable y est\u00e1 bien conectado con las ciudades mediante una red de autobuses locales. Este instituto de Bachillerato cuenta con 250 estudiantes y 65 profesores. Adyacente a este centro, existen escuelas de educaci\u00f3n primaria y secundaria que operan de manera independiente. Las instalaciones disponibles en Lieto Ludon son de las mejores de la regi\u00f3n, incluyendo campos de hierba natural, senderos para caminatas, esqu\u00ed y rutas en bicicleta. Adem\u00e1s, cuentan con un pabell\u00f3n cubierto que alberga diversas salas para la pr\u00e1ctica de danza, pilates, yoga y un gimnasio equipado con m\u00e1quinas. El pabell\u00f3n es vers\u00e1til y puede dividirse en tres \u00e1reas. Adem\u00e1s, posee un roc\u00f3dromo y gradas supletorias. El material utilizado es de alta calidad y espec\u00edfico para las actividades. Los grupos de alumnos var\u00edan en tama\u00f1o, oscilando entre 16 y 25 estudiantes. Los alumnos tienen la libertad de moverse y elegir las clases que desean tomar. Lo que m\u00e1s nos preguntamos fue la autonom\u00eda que los alumnos tienen para seleccionar entre 11 cursos voluntarios de diferentes materias y construir un itinerario personalizado basado en sus habilidades y aptitudes.<\/p>\n<p>Al final del \u00faltimo curso, se someten a una prueba nacional similar a la nuestra para acceder a la universidad. Esta din\u00e1mica motiva a los alumnos y les permite disponer de horas libres para descansar en espacios especialmente dise\u00f1ados para ello, equipados con sof\u00e1s, cafeteras y futbolines, e incluso una sala del silencio para aquellos que necesitan descansar o padecen migra\u00f1as. En este centro, no existen timbres, y los alumnos se desplazan en silencio por las instalaciones. En algunas aulas, los estudiantes pueden elegir d\u00f3nde sentarse, utilizando bicicletas est\u00e1ticas, pelotas de pilates, taburetes, sillas, etc. Este enfoque es especialmente beneficioso para los alumnos con Trastorno por D\u00e9ficit de Atenci\u00f3n e Hiperactividad (TDAH). Al igual que en nuestro centro, en Lieto Ludon se promueve el trabajo cooperativo.<\/p>\n<p>En relaci\u00f3n al proyecto que estamos a punto de iniciar, hemos organizado la preparaci\u00f3n de los bailes de nuestros alumnos a trav\u00e9s de videos tutoriales que ser\u00e1n creados por los estudiantes, as\u00ed como videoconferencias previas a las movilidades. En febrero, visitaremos a nuestros socios en la segunda semana y participaremos en diversas actividades culturales y deportivas en los alrededores de Lieto. La culminaci\u00f3n de esta visita ser\u00e1 el 15 de febrero con el baile final, en el cual nuestros alumnos participar\u00e1n presentando 4 de las 11 danzas tradicionales finlandesas.<\/p>\n<p>En la semana previa a la Feria, nuestros socios nos visitar\u00e1n y participaremos igualmente en actividades culturales y deportivas. El domingo 14, tendr\u00e1n la oportunidad de visitar la Feria y bailar las sevillanas que han aprendido en los meses anteriores. Tanto los responsables del centro finland\u00e9s como los de nuestro colegio est\u00e1n muy entusiasmados con este proyecto que promueve la interacci\u00f3n cultural, el deporte y la tradici\u00f3n, y brinda a nuestros j\u00f3venes la oportunidad de vivir una experiencia en dos pa\u00edses muy distintos.<\/p>\n<p>[\/et_pb_text][et_pb_gallery _builder_version=\u00bb4.22.2&#8243; _module_preset=\u00bbdefault\u00bb hover_enabled=\u00bb0&#8243; sticky_enabled=\u00bb0&#8243; gallery_ids=\u00bb64893,64892,64891,64890,64889,64888,64887,64886,64885,64884,64883,64882,64881,64880,64879,64878,64877,64876,64874,64873,64872,64871,64870,64869,64868,64867,64866,64865,64863,64862,64861,64860,64859,64858,64857,64856,64855&#8243;][\/et_pb_gallery][\/et_pb_column][\/et_pb_row][\/et_pb_section]<\/p>\n","protected":false},"excerpt":{"rendered":"<p>Dos de nuestros profesores participan en un jobshadowing en un centro educativo de Lieto, Finlandia. La semana pasada, nuestro centro envi\u00f3 al profesor de Educaci\u00f3n F\u00edsica de Bachillerato y a la coordinadora Erasmus a Lieto, Finlandia, para llevar a cabo un programa de Jobshadowing con diversos objetivos. En primer lugar, se propusieron conocer el funcionamiento [&hellip;]<\/p>\n","protected":false},"author":3,"featured_media":24530,"comment_status":"open","ping_status":"open","sticky":false,"template":"","format":"standard","meta":{"_et_pb_use_builder":"on","_et_pb_old_content":"","_et_gb_content_width":"","footnotes":""},"categories":[20,21,27,22,18,19,1],"tags":[],"class_list":["post-24529","post","type-post","status-publish","format-standard","has-post-thumbnail","hentry","category-bachillerato","category-ccff","category-colegio","category-erasmus","category-primaria","category-secundaria","category-uncategorized"],"yoast_head":"<!-- This site is optimized with the Yoast SEO plugin v28.3 - https:\/\/yoast.com\/product\/yoast-seo-wordpress\/ -->\n<title>Salesianos Triana en Finlandia con Erasmus+ - Colegio Salesiano San Pedro<\/title>\n<meta name=\"robots\" content=\"noindex, follow\" \/>\n<meta property=\"og:locale\" content=\"es_ES\" \/>\n<meta property=\"og:type\" content=\"article\" \/>\n<meta property=\"og:title\" content=\"Salesianos Triana en Finlandia con Erasmus+ - Colegio Salesiano San Pedro\" \/>\n<meta property=\"og:description\" content=\"Dos de nuestros profesores participan en un jobshadowing en un centro educativo de Lieto, Finlandia. La semana pasada, nuestro centro envi\u00f3 al profesor de Educaci\u00f3n F\u00edsica de Bachillerato y a la coordinadora Erasmus a Lieto, Finlandia, para llevar a cabo un programa de Jobshadowing con diversos objetivos. En primer lugar, se propusieron conocer el funcionamiento [&hellip;]\" \/>\n<meta property=\"og:url\" content=\"https:\/\/triana.salesianos.edu\/colegio\/blog\/2023\/10\/15\/salesianos-triana-en-finlandia-con-erasmus\/\" \/>\n<meta property=\"og:site_name\" content=\"Colegio Salesiano San Pedro\" \/>\n<meta property=\"article:published_time\" content=\"2023-10-15T15:10:03+00:00\" \/>\n<meta property=\"og:image\" content=\"https:\/\/triana.salesianos.edu\/colegio\/wp-content\/uploads\/sites\/2\/2023\/10\/20231012_120317-scaled.jpg\" \/>\n\t<meta property=\"og:image:width\" content=\"2560\" \/>\n\t<meta property=\"og:image:height\" content=\"1920\" \/>\n\t<meta property=\"og:image:type\" content=\"image\/jpeg\" \/>\n<meta name=\"author\" content=\"Gestor Web\" \/>\n<meta name=\"twitter:card\" content=\"summary_large_image\" \/>\n<meta name=\"twitter:label1\" content=\"Escrito por\" \/>\n\t<meta name=\"twitter:data1\" content=\"Gestor Web\" \/>\n\t<meta name=\"twitter:label2\" content=\"Tiempo de lectura\" \/>\n\t<meta name=\"twitter:data2\" content=\"3 minutos\" \/>\n<script type=\"application\/ld+json\" class=\"yoast-schema-graph\">{\"@context\":\"https:\\\/\\\/schema.org\",\"@graph\":[{\"@type\":\"Article\",\"@id\":\"https:\\\/\\\/triana.salesianos.edu\\\/colegio\\\/blog\\\/2023\\\/10\\\/15\\\/salesianos-triana-en-finlandia-con-erasmus\\\/#article\",\"isPartOf\":{\"@id\":\"https:\\\/\\\/triana.salesianos.edu\\\/colegio\\\/blog\\\/2023\\\/10\\\/15\\\/salesianos-triana-en-finlandia-con-erasmus\\\/\"},\"author\":{\"name\":\"Gestor Web\",\"@id\":\"https:\\\/\\\/triana.salesianos.edu\\\/colegio\\\/#\\\/schema\\\/person\\\/ac56d09b53320706efba5d42fa54fa77\"},\"headline\":\"Salesianos Triana en Finlandia con Erasmus+\",\"datePublished\":\"2023-10-15T15:10:03+00:00\",\"mainEntityOfPage\":{\"@id\":\"https:\\\/\\\/triana.salesianos.edu\\\/colegio\\\/blog\\\/2023\\\/10\\\/15\\\/salesianos-triana-en-finlandia-con-erasmus\\\/\"},\"wordCount\":713,\"commentCount\":0,\"image\":{\"@id\":\"https:\\\/\\\/triana.salesianos.edu\\\/colegio\\\/blog\\\/2023\\\/10\\\/15\\\/salesianos-triana-en-finlandia-con-erasmus\\\/#primaryimage\"},\"thumbnailUrl\":\"https:\\\/\\\/triana.salesianos.edu\\\/colegio\\\/wp-content\\\/uploads\\\/sites\\\/2\\\/2023\\\/10\\\/20231012_120317-scaled.jpg\",\"articleSection\":[\"Bachillerato\",\"Ciclos Formativos\",\"Colegio\",\"Erasmus+\",\"Primaria\",\"Secundaria\",\"Uncategorized\"],\"inLanguage\":\"es\",\"potentialAction\":[{\"@type\":\"CommentAction\",\"name\":\"Comment\",\"target\":[\"https:\\\/\\\/triana.salesianos.edu\\\/colegio\\\/blog\\\/2023\\\/10\\\/15\\\/salesianos-triana-en-finlandia-con-erasmus\\\/#respond\"]}]},{\"@type\":\"WebPage\",\"@id\":\"https:\\\/\\\/triana.salesianos.edu\\\/colegio\\\/blog\\\/2023\\\/10\\\/15\\\/salesianos-triana-en-finlandia-con-erasmus\\\/\",\"url\":\"https:\\\/\\\/triana.salesianos.edu\\\/colegio\\\/blog\\\/2023\\\/10\\\/15\\\/salesianos-triana-en-finlandia-con-erasmus\\\/\",\"name\":\"Salesianos Triana en Finlandia con Erasmus+ - Colegio Salesiano San Pedro\",\"isPartOf\":{\"@id\":\"https:\\\/\\\/triana.salesianos.edu\\\/colegio\\\/#website\"},\"primaryImageOfPage\":{\"@id\":\"https:\\\/\\\/triana.salesianos.edu\\\/colegio\\\/blog\\\/2023\\\/10\\\/15\\\/salesianos-triana-en-finlandia-con-erasmus\\\/#primaryimage\"},\"image\":{\"@id\":\"https:\\\/\\\/triana.salesianos.edu\\\/colegio\\\/blog\\\/2023\\\/10\\\/15\\\/salesianos-triana-en-finlandia-con-erasmus\\\/#primaryimage\"},\"thumbnailUrl\":\"https:\\\/\\\/triana.salesianos.edu\\\/colegio\\\/wp-content\\\/uploads\\\/sites\\\/2\\\/2023\\\/10\\\/20231012_120317-scaled.jpg\",\"datePublished\":\"2023-10-15T15:10:03+00:00\",\"author\":{\"@id\":\"https:\\\/\\\/triana.salesianos.edu\\\/colegio\\\/#\\\/schema\\\/person\\\/ac56d09b53320706efba5d42fa54fa77\"},\"breadcrumb\":{\"@id\":\"https:\\\/\\\/triana.salesianos.edu\\\/colegio\\\/blog\\\/2023\\\/10\\\/15\\\/salesianos-triana-en-finlandia-con-erasmus\\\/#breadcrumb\"},\"inLanguage\":\"es\",\"potentialAction\":[{\"@type\":\"ReadAction\",\"target\":[\"https:\\\/\\\/triana.salesianos.edu\\\/colegio\\\/blog\\\/2023\\\/10\\\/15\\\/salesianos-triana-en-finlandia-con-erasmus\\\/\"]}]},{\"@type\":\"ImageObject\",\"inLanguage\":\"es\",\"@id\":\"https:\\\/\\\/triana.salesianos.edu\\\/colegio\\\/blog\\\/2023\\\/10\\\/15\\\/salesianos-triana-en-finlandia-con-erasmus\\\/#primaryimage\",\"url\":\"https:\\\/\\\/triana.salesianos.edu\\\/colegio\\\/wp-content\\\/uploads\\\/sites\\\/2\\\/2023\\\/10\\\/20231012_120317-scaled.jpg\",\"contentUrl\":\"https:\\\/\\\/triana.salesianos.edu\\\/colegio\\\/wp-content\\\/uploads\\\/sites\\\/2\\\/2023\\\/10\\\/20231012_120317-scaled.jpg\",\"width\":2560,\"height\":1920},{\"@type\":\"BreadcrumbList\",\"@id\":\"https:\\\/\\\/triana.salesianos.edu\\\/colegio\\\/blog\\\/2023\\\/10\\\/15\\\/salesianos-triana-en-finlandia-con-erasmus\\\/#breadcrumb\",\"itemListElement\":[{\"@type\":\"ListItem\",\"position\":1,\"name\":\"Portada\",\"item\":\"https:\\\/\\\/triana.salesianos.edu\\\/colegio\\\/\"},{\"@type\":\"ListItem\",\"position\":2,\"name\":\"Salesianos Triana en Finlandia con Erasmus+\"}]},{\"@type\":\"WebSite\",\"@id\":\"https:\\\/\\\/triana.salesianos.edu\\\/colegio\\\/#website\",\"url\":\"https:\\\/\\\/triana.salesianos.edu\\\/colegio\\\/\",\"name\":\"Colegio Salesiano San Pedro\",\"description\":\"P\u00e1gina oficial Salesianos Triana Sevilla\",\"potentialAction\":[{\"@type\":\"SearchAction\",\"target\":{\"@type\":\"EntryPoint\",\"urlTemplate\":\"https:\\\/\\\/triana.salesianos.edu\\\/colegio\\\/?s={search_term_string}\"},\"query-input\":{\"@type\":\"PropertyValueSpecification\",\"valueRequired\":true,\"valueName\":\"search_term_string\"}}],\"inLanguage\":\"es\"},{\"@type\":\"Person\",\"@id\":\"https:\\\/\\\/triana.salesianos.edu\\\/colegio\\\/#\\\/schema\\\/person\\\/ac56d09b53320706efba5d42fa54fa77\",\"name\":\"Gestor Web\",\"image\":{\"@type\":\"ImageObject\",\"inLanguage\":\"es\",\"@id\":\"https:\\\/\\\/secure.gravatar.com\\\/avatar\\\/2e89c91da47a7fb64ca5f65c45ef901e52d2b7a5c0f7eb1ae1e1c5f1e0c314da?s=96&d=mm&r=g\",\"url\":\"https:\\\/\\\/secure.gravatar.com\\\/avatar\\\/2e89c91da47a7fb64ca5f65c45ef901e52d2b7a5c0f7eb1ae1e1c5f1e0c314da?s=96&d=mm&r=g\",\"contentUrl\":\"https:\\\/\\\/secure.gravatar.com\\\/avatar\\\/2e89c91da47a7fb64ca5f65c45ef901e52d2b7a5c0f7eb1ae1e1c5f1e0c314da?s=96&d=mm&r=g\",\"caption\":\"Gestor Web\"}}]}<\/script>\n<!-- \/ Yoast SEO plugin. -->","yoast_head_json":{"title":"Salesianos Triana en Finlandia con Erasmus+ - Colegio Salesiano San Pedro","robots":{"index":"noindex","follow":"follow"},"og_locale":"es_ES","og_type":"article","og_title":"Salesianos Triana en Finlandia con Erasmus+ - Colegio Salesiano San Pedro","og_description":"Dos de nuestros profesores participan en un jobshadowing en un centro educativo de Lieto, Finlandia. La semana pasada, nuestro centro envi\u00f3 al profesor de Educaci\u00f3n F\u00edsica de Bachillerato y a la coordinadora Erasmus a Lieto, Finlandia, para llevar a cabo un programa de Jobshadowing con diversos objetivos. En primer lugar, se propusieron conocer el funcionamiento [&hellip;]","og_url":"https:\/\/triana.salesianos.edu\/colegio\/blog\/2023\/10\/15\/salesianos-triana-en-finlandia-con-erasmus\/","og_site_name":"Colegio Salesiano San Pedro","article_published_time":"2023-10-15T15:10:03+00:00","og_image":[{"width":2560,"height":1920,"url":"https:\/\/triana.salesianos.edu\/colegio\/wp-content\/uploads\/sites\/2\/2023\/10\/20231012_120317-scaled.jpg","type":"image\/jpeg"}],"author":"Gestor Web","twitter_card":"summary_large_image","twitter_misc":{"Escrito por":"Gestor Web","Tiempo de lectura":"3 minutos"},"schema":{"@context":"https:\/\/schema.org","@graph":[{"@type":"Article","@id":"https:\/\/triana.salesianos.edu\/colegio\/blog\/2023\/10\/15\/salesianos-triana-en-finlandia-con-erasmus\/#article","isPartOf":{"@id":"https:\/\/triana.salesianos.edu\/colegio\/blog\/2023\/10\/15\/salesianos-triana-en-finlandia-con-erasmus\/"},"author":{"name":"Gestor Web","@id":"https:\/\/triana.salesianos.edu\/colegio\/#\/schema\/person\/ac56d09b53320706efba5d42fa54fa77"},"headline":"Salesianos Triana en Finlandia con Erasmus+","datePublished":"2023-10-15T15:10:03+00:00","mainEntityOfPage":{"@id":"https:\/\/triana.salesianos.edu\/colegio\/blog\/2023\/10\/15\/salesianos-triana-en-finlandia-con-erasmus\/"},"wordCount":713,"commentCount":0,"image":{"@id":"https:\/\/triana.salesianos.edu\/colegio\/blog\/2023\/10\/15\/salesianos-triana-en-finlandia-con-erasmus\/#primaryimage"},"thumbnailUrl":"https:\/\/triana.salesianos.edu\/colegio\/wp-content\/uploads\/sites\/2\/2023\/10\/20231012_120317-scaled.jpg","articleSection":["Bachillerato","Ciclos Formativos","Colegio","Erasmus+","Primaria","Secundaria","Uncategorized"],"inLanguage":"es","potentialAction":[{"@type":"CommentAction","name":"Comment","target":["https:\/\/triana.salesianos.edu\/colegio\/blog\/2023\/10\/15\/salesianos-triana-en-finlandia-con-erasmus\/#respond"]}]},{"@type":"WebPage","@id":"https:\/\/triana.salesianos.edu\/colegio\/blog\/2023\/10\/15\/salesianos-triana-en-finlandia-con-erasmus\/","url":"https:\/\/triana.salesianos.edu\/colegio\/blog\/2023\/10\/15\/salesianos-triana-en-finlandia-con-erasmus\/","name":"Salesianos Triana en Finlandia con Erasmus+ - Colegio Salesiano San Pedro","isPartOf":{"@id":"https:\/\/triana.salesianos.edu\/colegio\/#website"},"primaryImageOfPage":{"@id":"https:\/\/triana.salesianos.edu\/colegio\/blog\/2023\/10\/15\/salesianos-triana-en-finlandia-con-erasmus\/#primaryimage"},"image":{"@id":"https:\/\/triana.salesianos.edu\/colegio\/blog\/2023\/10\/15\/salesianos-triana-en-finlandia-con-erasmus\/#primaryimage"},"thumbnailUrl":"https:\/\/triana.salesianos.edu\/colegio\/wp-content\/uploads\/sites\/2\/2023\/10\/20231012_120317-scaled.jpg","datePublished":"2023-10-15T15:10:03+00:00","author":{"@id":"https:\/\/triana.salesianos.edu\/colegio\/#\/schema\/person\/ac56d09b53320706efba5d42fa54fa77"},"breadcrumb":{"@id":"https:\/\/triana.salesianos.edu\/colegio\/blog\/2023\/10\/15\/salesianos-triana-en-finlandia-con-erasmus\/#breadcrumb"},"inLanguage":"es","potentialAction":[{"@type":"ReadAction","target":["https:\/\/triana.salesianos.edu\/colegio\/blog\/2023\/10\/15\/salesianos-triana-en-finlandia-con-erasmus\/"]}]},{"@type":"ImageObject","inLanguage":"es","@id":"https:\/\/triana.salesianos.edu\/colegio\/blog\/2023\/10\/15\/salesianos-triana-en-finlandia-con-erasmus\/#primaryimage","url":"https:\/\/triana.salesianos.edu\/colegio\/wp-content\/uploads\/sites\/2\/2023\/10\/20231012_120317-scaled.jpg","contentUrl":"https:\/\/triana.salesianos.edu\/colegio\/wp-content\/uploads\/sites\/2\/2023\/10\/20231012_120317-scaled.jpg","width":2560,"height":1920},{"@type":"BreadcrumbList","@id":"https:\/\/triana.salesianos.edu\/colegio\/blog\/2023\/10\/15\/salesianos-triana-en-finlandia-con-erasmus\/#breadcrumb","itemListElement":[{"@type":"ListItem","position":1,"name":"Portada","item":"https:\/\/triana.salesianos.edu\/colegio\/"},{"@type":"ListItem","position":2,"name":"Salesianos Triana en Finlandia con Erasmus+"}]},{"@type":"WebSite","@id":"https:\/\/triana.salesianos.edu\/colegio\/#website","url":"https:\/\/triana.salesianos.edu\/colegio\/","name":"Colegio Salesiano San Pedro","description":"P\u00e1gina oficial Salesianos Triana Sevilla","potentialAction":[{"@type":"SearchAction","target":{"@type":"EntryPoint","urlTemplate":"https:\/\/triana.salesianos.edu\/colegio\/?s={search_term_string}"},"query-input":{"@type":"PropertyValueSpecification","valueRequired":true,"valueName":"search_term_string"}}],"inLanguage":"es"},{"@type":"Person","@id":"https:\/\/triana.salesianos.edu\/colegio\/#\/schema\/person\/ac56d09b53320706efba5d42fa54fa77","name":"Gestor Web","image":{"@type":"ImageObject","inLanguage":"es","@id":"https:\/\/secure.gravatar.com\/avatar\/2e89c91da47a7fb64ca5f65c45ef901e52d2b7a5c0f7eb1ae1e1c5f1e0c314da?s=96&d=mm&r=g","url":"https:\/\/secure.gravatar.com\/avatar\/2e89c91da47a7fb64ca5f65c45ef901e52d2b7a5c0f7eb1ae1e1c5f1e0c314da?s=96&d=mm&r=g","contentUrl":"https:\/\/secure.gravatar.com\/avatar\/2e89c91da47a7fb64ca5f65c45ef901e52d2b7a5c0f7eb1ae1e1c5f1e0c314da?s=96&d=mm&r=g","caption":"Gestor Web"}}]}},"_links":{"self":[{"href":"https:\/\/triana.salesianos.edu\/colegio\/wp-json\/wp\/v2\/posts\/24529","targetHints":{"allow":["GET"]}}],"collection":[{"href":"https:\/\/triana.salesianos.edu\/colegio\/wp-json\/wp\/v2\/posts"}],"about":[{"href":"https:\/\/triana.salesianos.edu\/colegio\/wp-json\/wp\/v2\/types\/post"}],"author":[{"embeddable":true,"href":"https:\/\/triana.salesianos.edu\/colegio\/wp-json\/wp\/v2\/users\/3"}],"replies":[{"embeddable":true,"href":"https:\/\/triana.salesianos.edu\/colegio\/wp-json\/wp\/v2\/comments?post=24529"}],"version-history":[{"count":0,"href":"https:\/\/triana.salesianos.edu\/colegio\/wp-json\/wp\/v2\/posts\/24529\/revisions"}],"wp:featuredmedia":[{"embeddable":true,"href":"https:\/\/triana.salesianos.edu\/colegio\/wp-json\/wp\/v2\/media\/24530"}],"wp:attachment":[{"href":"https:\/\/triana.salesianos.edu\/colegio\/wp-json\/wp\/v2\/media?parent=24529"}],"wp:term":[{"taxonomy":"category","embeddable":true,"href":"https:\/\/triana.salesianos.edu\/colegio\/wp-json\/wp\/v2\/categories?post=24529"},{"taxonomy":"post_tag","embeddable":true,"href":"https:\/\/triana.salesianos.edu\/colegio\/wp-json\/wp\/v2\/tags?post=24529"}],"curies":[{"name":"wp","href":"https:\/\/api.w.org\/{rel}","templated":true}]}}