{"id":24207,"date":"2023-02-02T10:01:15","date_gmt":"2023-02-02T09:01:15","guid":{"rendered":"https:\/\/triana.salesianos.edu\/colegio\/blog\/2023\/02\/02\/finaliza-el-festival-de-playbacks-2023-con-una-finalisima-estelar-2\/"},"modified":"2023-02-15T10:42:02","modified_gmt":"2023-02-15T09:42:02","slug":"finaliza-el-festival-de-playbacks-2023-con-una-finalisima-estelar-2","status":"publish","type":"post","link":"https:\/\/triana.salesianos.edu\/colegio\/blog\/2023\/02\/02\/finaliza-el-festival-de-playbacks-2023-con-una-finalisima-estelar-2\/","title":{"rendered":"Finaliza el Festival de Playbacks 2023 con una Final\u00edsima estelar"},"content":{"rendered":"<div id=\"fb-root\"><\/div>\n<p>[et_pb_section fb_built=\u00bb1&#8243; _builder_version=\u00bb4.18.0&#8243; _module_preset=\u00bbdefault\u00bb global_colors_info=\u00bb{}\u00bb][et_pb_row _builder_version=\u00bb4.18.0&#8243; _module_preset=\u00bbdefault\u00bb global_colors_info=\u00bb{}\u00bb][et_pb_column type=\u00bb4_4&#8243; _builder_version=\u00bb4.18.0&#8243; _module_preset=\u00bbdefault\u00bb global_colors_info=\u00bb{}\u00bb][et_pb_text _builder_version=\u00bb4.18.0&#8243; _module_preset=\u00bbdefault\u00bb global_colors_info=\u00bb{}\u00bb]<\/p>\n<p>El pasado viernes 27 de enero finalizaba el tan ansiado Festival de Playbacks de nuestra casa tras tres a\u00f1os de espera. La celebraci\u00f3n de las finales la semana anterior vaticinaba un gran nivel en los espect\u00e1culos que tendr\u00edan lugar en ambas categor\u00edas. Por otro lado, el ambiente de nervios, ilusi\u00f3n y ganas de los participantes se un\u00eda a la alegr\u00eda de un p\u00fablico que llen\u00f3 a rebosar un teatro que bien podr\u00eda haber lucido un cartel de \u201cno hay billetes\u201d.<\/p>\n<p>Sin duda fue una noche m\u00e1gica como lo sol\u00eda ser anta\u00f1o en tiempos de pandemia. Hubo risas, l\u00e1grimas, saltos, melancol\u00eda y muchas ganas de pasarlo bien, todos ingredientes de una receta de playbacks perfectos. Y es que no falt\u00f3 un solo detalle.<\/p>\n<p>[\/et_pb_text][\/et_pb_column][\/et_pb_row][et_pb_row column_structure=\u00bb1_3,1_3,1_3&#8243; _builder_version=\u00bb4.18.0&#8243; _module_preset=\u00bbdefault\u00bb global_colors_info=\u00bb{}\u00bb][et_pb_column type=\u00bb1_3&#8243; _builder_version=\u00bb4.18.0&#8243; _module_preset=\u00bbdefault\u00bb global_colors_info=\u00bb{}\u00bb][et_pb_image src=\u00bbhttps:\/\/triana.salesianos.edu\/wp-content\/uploads\/2023\/02\/Finalisima-Playbacks-2023-35.png\u00bb title_text=\u00bbFinal\u00edsima Playbacks 2023-35&#8243; _builder_version=\u00bb4.18.0&#8243; _module_preset=\u00bbdefault\u00bb global_colors_info=\u00bb{}\u00bb][\/et_pb_image][\/et_pb_column][et_pb_column type=\u00bb1_3&#8243; _builder_version=\u00bb4.18.0&#8243; _module_preset=\u00bbdefault\u00bb global_colors_info=\u00bb{}\u00bb][et_pb_image src=\u00bbhttps:\/\/triana.salesianos.edu\/wp-content\/uploads\/2023\/02\/Finalisima-Playbacks-2023-87.png\u00bb title_text=\u00bbFinal\u00edsima Playbacks 2023-87&#8243; _builder_version=\u00bb4.18.0&#8243; _module_preset=\u00bbdefault\u00bb global_colors_info=\u00bb{}\u00bb][\/et_pb_image][\/et_pb_column][et_pb_column type=\u00bb1_3&#8243; _builder_version=\u00bb4.18.0&#8243; _module_preset=\u00bbdefault\u00bb global_colors_info=\u00bb{}\u00bb][et_pb_image src=\u00bbhttps:\/\/triana.salesianos.edu\/wp-content\/uploads\/2023\/02\/Finalisima-Playbacks-2023-113.png\u00bb title_text=\u00bbFinal\u00edsima Playbacks 2023-113&#8243; _builder_version=\u00bb4.18.0&#8243; _module_preset=\u00bbdefault\u00bb global_colors_info=\u00bb{}\u00bb][\/et_pb_image][\/et_pb_column][\/et_pb_row][et_pb_row column_structure=\u00bb3_4,1_4&#8243; _builder_version=\u00bb4.18.0&#8243; _module_preset=\u00bbdefault\u00bb global_colors_info=\u00bb{}\u00bb][et_pb_column type=\u00bb3_4&#8243; _builder_version=\u00bb4.18.0&#8243; _module_preset=\u00bbdefault\u00bb global_colors_info=\u00bb{}\u00bb][et_pb_text _builder_version=\u00bb4.18.0&#8243; _module_preset=\u00bbdefault\u00bb global_colors_info=\u00bb{}\u00bb]<\/p>\n<p>Tras la bienvenida de nuestro Director Titular, un teatro completamente a oscuras y en silencio escuchaba un carrusel de noticias que recordaba c\u00f3mo ha sido el transcurrir del tiempo durante estos a\u00f1os desde la \u00faltima final\u00edsima hasta hoy. Posteriormente, el teatro se mostraba al p\u00fablico de una manera peculiar. Una actuaci\u00f3n de un conjunto de profesores abr\u00eda la noche haciendo un homenaje doble. En primer lugar a la figura de Celia Cruz, artista tantas veces interpretada sobre las tablas de nuestro teatro en este festival en sus 35 a\u00f1os de vida, as\u00ed como celebrar la vuelta de este evento tan querido y celebrado por nuestra casa.<\/p>\n<p>La noche lleg\u00f3 plagada de novedades, entre ellas el nuevo premio concedido por el AMPA del colegio, \u201cLa aguja de oro\u201d, concedido al mejor vestuario de cada categor\u00eda.<\/p>\n<p>[\/et_pb_text][\/et_pb_column][et_pb_column type=\u00bb1_4&#8243; _builder_version=\u00bb4.18.0&#8243; _module_preset=\u00bbdefault\u00bb global_colors_info=\u00bb{}\u00bb][et_pb_image src=\u00bbhttps:\/\/triana.salesianos.edu\/wp-content\/uploads\/2023\/02\/Finalisima-Playbacks-2023-28.png\u00bb title_text=\u00bbFinal\u00edsima Playbacks 2023-28&#8243; _builder_version=\u00bb4.18.0&#8243; _module_preset=\u00bbdefault\u00bb global_colors_info=\u00bb{}\u00bb][\/et_pb_image][\/et_pb_column][\/et_pb_row][et_pb_row _builder_version=\u00bb4.18.0&#8243; _module_preset=\u00bbdefault\u00bb global_colors_info=\u00bb{}\u00bb][et_pb_column type=\u00bb4_4&#8243; _builder_version=\u00bb4.18.0&#8243; _module_preset=\u00bbdefault\u00bb global_colors_info=\u00bb{}\u00bb][et_pb_button button_url=\u00bbhttps:\/\/youtu.be\/L-w0vb3u28M\u00bb url_new_window=\u00bbon\u00bb button_text=\u00bbVer la Final\u00edsima del Festival de Playbacks Triana 2023&#8243; button_alignment=\u00bbcenter\u00bb _builder_version=\u00bb4.18.0&#8243; _module_preset=\u00bbdefault\u00bb custom_button=\u00bbon\u00bb button_text_color=\u00bb#FFFFFF\u00bb button_bg_color=\u00bb#dc001b\u00bb global_colors_info=\u00bb{}\u00bb][\/et_pb_button][et_pb_text _builder_version=\u00bb4.18.0&#8243; _module_preset=\u00bbdefault\u00bb global_colors_info=\u00bb{}\u00bb]<\/p>\n<p>Finalmente, los premiados fueron:<\/p>\n<ul>\n<li>Primer premio de la categor\u00eda de primaria: \u201cColombia mi encanto\u201d, de 2\u00baA.<\/li>\n<li>Segundo Premio: \u201cThis is me\u201d, de 6\u00baB<\/li>\n<li>Primer premio de la categor\u00eda de ESO, Bachillerato y FP: \u201cMary Poppins\u201d de 2\u00ba de CFGM de Gesti\u00f3n Administrativa y 1\u00ba CFGM de Actividades Comerciales.<\/li>\n<li>Segundo Premio de la categor\u00eda de ESO, Bachillerato y FP: \u201cCerrando Caminos\u201d de 2\u00ba de Bachillerato.<\/li>\n<\/ul>\n<p>Por otro lado, los ganadores del premio del p\u00fablico fueron:<\/p>\n<ul>\n<li>\u201cColombia mi encanto\u201d de 2\u00baA de Primaria<\/li>\n<li>\u201cLa m\u00e1quina del tiempo\u201d, de 1\u00ba de Bachillerato.<\/li>\n<\/ul>\n<p>En \u00faltimo lugar, los ganadores de la aguja de oro fueron:<\/p>\n<ul>\n<li>\u201cThis is me\u201d, de 6\u00baB de Primaria<\/li>\n<li>\u00ab\u00a0La Bella y la Bestia\u201d de 2\u00ba CFGM en Actividades Comerciales<\/li>\n<\/ul>\n<p>Se pon\u00eda as\u00ed un broche de oro a una Final\u00edsima llena de espect\u00e1culo, emoci\u00f3n y mucha alegr\u00eda, con un grato recuerdo a nuestro fundador, San Juan Bosco, cuyo sue\u00f1o hace ya muchos a\u00f1os nos permite vivir hoy con la alegr\u00eda que nos caracteriza.<\/p>\n<h3>GALER\u00cdA DE FOTOS<\/h3>\n<p>[\/et_pb_text][et_pb_gallery gallery_ids=\u00bb63351,63387,63386,63385,63384,63383,63382,63381,63380,63379,63378,63377,63376,63375,63374,63373,63372,63371,63370,63369,63368,63367,63366,63365,63364,63363,63362,63361,63360,63359,63358,63357,63356,63355,63354,63353,63352&#8243; _builder_version=\u00bb4.18.0&#8243; _module_preset=\u00bbdefault\u00bb global_colors_info=\u00bb{}\u00bb][\/et_pb_gallery][\/et_pb_column][\/et_pb_row][\/et_pb_section]<\/p>\n","protected":false},"excerpt":{"rendered":"<p>El pasado viernes 27 de enero finalizaba el tan ansiado Festival de Playbacks de nuestra casa tras tres a\u00f1os de espera. La celebraci\u00f3n de las finales la semana anterior vaticinaba un gran nivel en los espect\u00e1culos que tendr\u00edan lugar en ambas categor\u00edas. Por otro lado, el ambiente de nervios, ilusi\u00f3n y ganas de los participantes [&hellip;]<\/p>\n","protected":false},"author":3,"featured_media":24206,"comment_status":"open","ping_status":"open","sticky":false,"template":"","format":"standard","meta":{"_et_pb_use_builder":"on","_et_pb_old_content":"","_et_gb_content_width":"","footnotes":""},"categories":[36,30,37,20,32,21,27,38,35,39,14,40,23,16,34,18,29,19,33,1],"tags":[],"class_list":["post-24207","post","type-post","status-publish","format-standard","has-post-thumbnail","hentry","category-adma","category-ampa","category-aaaa","category-bachillerato","category-centro-juvenil","category-ccff","category-colegio","category-sscc","category-fasa","category-hdb","category-infantil","category-parroquia","category-pastoralescolar","category-portada","category-portada-imagen","category-primaria","category-secretaria","category-secundaria","category-solidaridad","category-uncategorized"],"yoast_head":"<!-- This site is optimized with the Yoast SEO plugin v28.3 - https:\/\/yoast.com\/product\/yoast-seo-wordpress\/ -->\n<title>Finaliza el Festival de Playbacks 2023 con una Final\u00edsima estelar - Colegio Salesiano San Pedro<\/title>\n<meta name=\"robots\" content=\"noindex, follow\" \/>\n<meta property=\"og:locale\" content=\"es_ES\" \/>\n<meta property=\"og:type\" content=\"article\" \/>\n<meta property=\"og:title\" content=\"Finaliza el Festival de Playbacks 2023 con una Final\u00edsima estelar - Colegio Salesiano San Pedro\" \/>\n<meta property=\"og:description\" content=\"El pasado viernes 27 de enero finalizaba el tan ansiado Festival de Playbacks de nuestra casa tras tres a\u00f1os de espera. La celebraci\u00f3n de las finales la semana anterior vaticinaba un gran nivel en los espect\u00e1culos que tendr\u00edan lugar en ambas categor\u00edas. Por otro lado, el ambiente de nervios, ilusi\u00f3n y ganas de los participantes [&hellip;]\" \/>\n<meta property=\"og:url\" content=\"https:\/\/triana.salesianos.edu\/colegio\/blog\/2023\/02\/02\/finaliza-el-festival-de-playbacks-2023-con-una-finalisima-estelar-2\/\" \/>\n<meta property=\"og:site_name\" content=\"Colegio Salesiano San Pedro\" \/>\n<meta property=\"article:published_time\" content=\"2023-02-02T09:01:15+00:00\" \/>\n<meta property=\"article:modified_time\" content=\"2023-02-15T09:42:02+00:00\" \/>\n<meta property=\"og:image\" content=\"https:\/\/triana.salesianos.edu\/colegio\/wp-content\/uploads\/sites\/2\/2023\/02\/Finalisima-Playbacks-2023-1-1024x683.png\" \/>\n\t<meta property=\"og:image:width\" content=\"1024\" \/>\n\t<meta property=\"og:image:height\" content=\"683\" \/>\n\t<meta property=\"og:image:type\" content=\"image\/png\" \/>\n<meta name=\"author\" content=\"Gestor Web\" \/>\n<meta name=\"twitter:card\" content=\"summary_large_image\" \/>\n<meta name=\"twitter:label1\" content=\"Escrito por\" \/>\n\t<meta name=\"twitter:data1\" content=\"Gestor Web\" \/>\n\t<meta name=\"twitter:label2\" content=\"Tiempo de lectura\" \/>\n\t<meta name=\"twitter:data2\" content=\"2 minutos\" \/>\n<script type=\"application\/ld+json\" class=\"yoast-schema-graph\">{\"@context\":\"https:\\\/\\\/schema.org\",\"@graph\":[{\"@type\":\"Article\",\"@id\":\"https:\\\/\\\/triana.salesianos.edu\\\/colegio\\\/blog\\\/2023\\\/02\\\/02\\\/finaliza-el-festival-de-playbacks-2023-con-una-finalisima-estelar-2\\\/#article\",\"isPartOf\":{\"@id\":\"https:\\\/\\\/triana.salesianos.edu\\\/colegio\\\/blog\\\/2023\\\/02\\\/02\\\/finaliza-el-festival-de-playbacks-2023-con-una-finalisima-estelar-2\\\/\"},\"author\":{\"name\":\"Gestor Web\",\"@id\":\"https:\\\/\\\/triana.salesianos.edu\\\/colegio\\\/#\\\/schema\\\/person\\\/ac56d09b53320706efba5d42fa54fa77\"},\"headline\":\"Finaliza el Festival de Playbacks 2023 con una Final\u00edsima estelar\",\"datePublished\":\"2023-02-02T09:01:15+00:00\",\"dateModified\":\"2023-02-15T09:42:02+00:00\",\"mainEntityOfPage\":{\"@id\":\"https:\\\/\\\/triana.salesianos.edu\\\/colegio\\\/blog\\\/2023\\\/02\\\/02\\\/finaliza-el-festival-de-playbacks-2023-con-una-finalisima-estelar-2\\\/\"},\"wordCount\":873,\"commentCount\":0,\"image\":{\"@id\":\"https:\\\/\\\/triana.salesianos.edu\\\/colegio\\\/blog\\\/2023\\\/02\\\/02\\\/finaliza-el-festival-de-playbacks-2023-con-una-finalisima-estelar-2\\\/#primaryimage\"},\"thumbnailUrl\":\"https:\\\/\\\/triana.salesianos.edu\\\/colegio\\\/wp-content\\\/uploads\\\/sites\\\/2\\\/2023\\\/02\\\/Finalisima-Playbacks-2023-1.png\",\"articleSection\":[\"ADMA\",\"AMPA\",\"Antiguos Alumnos\",\"Bachillerato\",\"Centro Juvenil\",\"Ciclos Formativos\",\"Colegio\",\"Cooperadores\",\"Familia Salesiana\",\"Hogares Don Bosco\",\"Infantil\",\"Parroquia\",\"Pastoral Escolar\",\"Portada\",\"Portada Imagen\",\"Primaria\",\"Secretar\u00eda\",\"Secundaria\",\"Solidaridad\",\"Uncategorized\"],\"inLanguage\":\"es\",\"potentialAction\":[{\"@type\":\"CommentAction\",\"name\":\"Comment\",\"target\":[\"https:\\\/\\\/triana.salesianos.edu\\\/colegio\\\/blog\\\/2023\\\/02\\\/02\\\/finaliza-el-festival-de-playbacks-2023-con-una-finalisima-estelar-2\\\/#respond\"]}]},{\"@type\":\"WebPage\",\"@id\":\"https:\\\/\\\/triana.salesianos.edu\\\/colegio\\\/blog\\\/2023\\\/02\\\/02\\\/finaliza-el-festival-de-playbacks-2023-con-una-finalisima-estelar-2\\\/\",\"url\":\"https:\\\/\\\/triana.salesianos.edu\\\/colegio\\\/blog\\\/2023\\\/02\\\/02\\\/finaliza-el-festival-de-playbacks-2023-con-una-finalisima-estelar-2\\\/\",\"name\":\"Finaliza el Festival de Playbacks 2023 con una Final\u00edsima estelar - Colegio Salesiano San Pedro\",\"isPartOf\":{\"@id\":\"https:\\\/\\\/triana.salesianos.edu\\\/colegio\\\/#website\"},\"primaryImageOfPage\":{\"@id\":\"https:\\\/\\\/triana.salesianos.edu\\\/colegio\\\/blog\\\/2023\\\/02\\\/02\\\/finaliza-el-festival-de-playbacks-2023-con-una-finalisima-estelar-2\\\/#primaryimage\"},\"image\":{\"@id\":\"https:\\\/\\\/triana.salesianos.edu\\\/colegio\\\/blog\\\/2023\\\/02\\\/02\\\/finaliza-el-festival-de-playbacks-2023-con-una-finalisima-estelar-2\\\/#primaryimage\"},\"thumbnailUrl\":\"https:\\\/\\\/triana.salesianos.edu\\\/colegio\\\/wp-content\\\/uploads\\\/sites\\\/2\\\/2023\\\/02\\\/Finalisima-Playbacks-2023-1.png\",\"datePublished\":\"2023-02-02T09:01:15+00:00\",\"dateModified\":\"2023-02-15T09:42:02+00:00\",\"author\":{\"@id\":\"https:\\\/\\\/triana.salesianos.edu\\\/colegio\\\/#\\\/schema\\\/person\\\/ac56d09b53320706efba5d42fa54fa77\"},\"breadcrumb\":{\"@id\":\"https:\\\/\\\/triana.salesianos.edu\\\/colegio\\\/blog\\\/2023\\\/02\\\/02\\\/finaliza-el-festival-de-playbacks-2023-con-una-finalisima-estelar-2\\\/#breadcrumb\"},\"inLanguage\":\"es\",\"potentialAction\":[{\"@type\":\"ReadAction\",\"target\":[\"https:\\\/\\\/triana.salesianos.edu\\\/colegio\\\/blog\\\/2023\\\/02\\\/02\\\/finaliza-el-festival-de-playbacks-2023-con-una-finalisima-estelar-2\\\/\"]}]},{\"@type\":\"ImageObject\",\"inLanguage\":\"es\",\"@id\":\"https:\\\/\\\/triana.salesianos.edu\\\/colegio\\\/blog\\\/2023\\\/02\\\/02\\\/finaliza-el-festival-de-playbacks-2023-con-una-finalisima-estelar-2\\\/#primaryimage\",\"url\":\"https:\\\/\\\/triana.salesianos.edu\\\/colegio\\\/wp-content\\\/uploads\\\/sites\\\/2\\\/2023\\\/02\\\/Finalisima-Playbacks-2023-1.png\",\"contentUrl\":\"https:\\\/\\\/triana.salesianos.edu\\\/colegio\\\/wp-content\\\/uploads\\\/sites\\\/2\\\/2023\\\/02\\\/Finalisima-Playbacks-2023-1.png\",\"width\":5184,\"height\":3456},{\"@type\":\"BreadcrumbList\",\"@id\":\"https:\\\/\\\/triana.salesianos.edu\\\/colegio\\\/blog\\\/2023\\\/02\\\/02\\\/finaliza-el-festival-de-playbacks-2023-con-una-finalisima-estelar-2\\\/#breadcrumb\",\"itemListElement\":[{\"@type\":\"ListItem\",\"position\":1,\"name\":\"Portada\",\"item\":\"https:\\\/\\\/triana.salesianos.edu\\\/colegio\\\/\"},{\"@type\":\"ListItem\",\"position\":2,\"name\":\"Finaliza el Festival de Playbacks 2023 con una Final\u00edsima estelar\"}]},{\"@type\":\"WebSite\",\"@id\":\"https:\\\/\\\/triana.salesianos.edu\\\/colegio\\\/#website\",\"url\":\"https:\\\/\\\/triana.salesianos.edu\\\/colegio\\\/\",\"name\":\"Colegio Salesiano San Pedro\",\"description\":\"P\u00e1gina oficial Salesianos Triana Sevilla\",\"potentialAction\":[{\"@type\":\"SearchAction\",\"target\":{\"@type\":\"EntryPoint\",\"urlTemplate\":\"https:\\\/\\\/triana.salesianos.edu\\\/colegio\\\/?s={search_term_string}\"},\"query-input\":{\"@type\":\"PropertyValueSpecification\",\"valueRequired\":true,\"valueName\":\"search_term_string\"}}],\"inLanguage\":\"es\"},{\"@type\":\"Person\",\"@id\":\"https:\\\/\\\/triana.salesianos.edu\\\/colegio\\\/#\\\/schema\\\/person\\\/ac56d09b53320706efba5d42fa54fa77\",\"name\":\"Gestor Web\",\"image\":{\"@type\":\"ImageObject\",\"inLanguage\":\"es\",\"@id\":\"https:\\\/\\\/secure.gravatar.com\\\/avatar\\\/2e89c91da47a7fb64ca5f65c45ef901e52d2b7a5c0f7eb1ae1e1c5f1e0c314da?s=96&d=mm&r=g\",\"url\":\"https:\\\/\\\/secure.gravatar.com\\\/avatar\\\/2e89c91da47a7fb64ca5f65c45ef901e52d2b7a5c0f7eb1ae1e1c5f1e0c314da?s=96&d=mm&r=g\",\"contentUrl\":\"https:\\\/\\\/secure.gravatar.com\\\/avatar\\\/2e89c91da47a7fb64ca5f65c45ef901e52d2b7a5c0f7eb1ae1e1c5f1e0c314da?s=96&d=mm&r=g\",\"caption\":\"Gestor Web\"}}]}<\/script>\n<!-- \/ Yoast SEO plugin. -->","yoast_head_json":{"title":"Finaliza el Festival de Playbacks 2023 con una Final\u00edsima estelar - Colegio Salesiano San Pedro","robots":{"index":"noindex","follow":"follow"},"og_locale":"es_ES","og_type":"article","og_title":"Finaliza el Festival de Playbacks 2023 con una Final\u00edsima estelar - Colegio Salesiano San Pedro","og_description":"El pasado viernes 27 de enero finalizaba el tan ansiado Festival de Playbacks de nuestra casa tras tres a\u00f1os de espera. La celebraci\u00f3n de las finales la semana anterior vaticinaba un gran nivel en los espect\u00e1culos que tendr\u00edan lugar en ambas categor\u00edas. Por otro lado, el ambiente de nervios, ilusi\u00f3n y ganas de los participantes [&hellip;]","og_url":"https:\/\/triana.salesianos.edu\/colegio\/blog\/2023\/02\/02\/finaliza-el-festival-de-playbacks-2023-con-una-finalisima-estelar-2\/","og_site_name":"Colegio Salesiano San Pedro","article_published_time":"2023-02-02T09:01:15+00:00","article_modified_time":"2023-02-15T09:42:02+00:00","og_image":[{"width":1024,"height":683,"url":"https:\/\/triana.salesianos.edu\/colegio\/wp-content\/uploads\/sites\/2\/2023\/02\/Finalisima-Playbacks-2023-1-1024x683.png","type":"image\/png"}],"author":"Gestor Web","twitter_card":"summary_large_image","twitter_misc":{"Escrito por":"Gestor Web","Tiempo de lectura":"2 minutos"},"schema":{"@context":"https:\/\/schema.org","@graph":[{"@type":"Article","@id":"https:\/\/triana.salesianos.edu\/colegio\/blog\/2023\/02\/02\/finaliza-el-festival-de-playbacks-2023-con-una-finalisima-estelar-2\/#article","isPartOf":{"@id":"https:\/\/triana.salesianos.edu\/colegio\/blog\/2023\/02\/02\/finaliza-el-festival-de-playbacks-2023-con-una-finalisima-estelar-2\/"},"author":{"name":"Gestor Web","@id":"https:\/\/triana.salesianos.edu\/colegio\/#\/schema\/person\/ac56d09b53320706efba5d42fa54fa77"},"headline":"Finaliza el Festival de Playbacks 2023 con una Final\u00edsima estelar","datePublished":"2023-02-02T09:01:15+00:00","dateModified":"2023-02-15T09:42:02+00:00","mainEntityOfPage":{"@id":"https:\/\/triana.salesianos.edu\/colegio\/blog\/2023\/02\/02\/finaliza-el-festival-de-playbacks-2023-con-una-finalisima-estelar-2\/"},"wordCount":873,"commentCount":0,"image":{"@id":"https:\/\/triana.salesianos.edu\/colegio\/blog\/2023\/02\/02\/finaliza-el-festival-de-playbacks-2023-con-una-finalisima-estelar-2\/#primaryimage"},"thumbnailUrl":"https:\/\/triana.salesianos.edu\/colegio\/wp-content\/uploads\/sites\/2\/2023\/02\/Finalisima-Playbacks-2023-1.png","articleSection":["ADMA","AMPA","Antiguos Alumnos","Bachillerato","Centro Juvenil","Ciclos Formativos","Colegio","Cooperadores","Familia Salesiana","Hogares Don Bosco","Infantil","Parroquia","Pastoral Escolar","Portada","Portada Imagen","Primaria","Secretar\u00eda","Secundaria","Solidaridad","Uncategorized"],"inLanguage":"es","potentialAction":[{"@type":"CommentAction","name":"Comment","target":["https:\/\/triana.salesianos.edu\/colegio\/blog\/2023\/02\/02\/finaliza-el-festival-de-playbacks-2023-con-una-finalisima-estelar-2\/#respond"]}]},{"@type":"WebPage","@id":"https:\/\/triana.salesianos.edu\/colegio\/blog\/2023\/02\/02\/finaliza-el-festival-de-playbacks-2023-con-una-finalisima-estelar-2\/","url":"https:\/\/triana.salesianos.edu\/colegio\/blog\/2023\/02\/02\/finaliza-el-festival-de-playbacks-2023-con-una-finalisima-estelar-2\/","name":"Finaliza el Festival de Playbacks 2023 con una Final\u00edsima estelar - Colegio Salesiano San Pedro","isPartOf":{"@id":"https:\/\/triana.salesianos.edu\/colegio\/#website"},"primaryImageOfPage":{"@id":"https:\/\/triana.salesianos.edu\/colegio\/blog\/2023\/02\/02\/finaliza-el-festival-de-playbacks-2023-con-una-finalisima-estelar-2\/#primaryimage"},"image":{"@id":"https:\/\/triana.salesianos.edu\/colegio\/blog\/2023\/02\/02\/finaliza-el-festival-de-playbacks-2023-con-una-finalisima-estelar-2\/#primaryimage"},"thumbnailUrl":"https:\/\/triana.salesianos.edu\/colegio\/wp-content\/uploads\/sites\/2\/2023\/02\/Finalisima-Playbacks-2023-1.png","datePublished":"2023-02-02T09:01:15+00:00","dateModified":"2023-02-15T09:42:02+00:00","author":{"@id":"https:\/\/triana.salesianos.edu\/colegio\/#\/schema\/person\/ac56d09b53320706efba5d42fa54fa77"},"breadcrumb":{"@id":"https:\/\/triana.salesianos.edu\/colegio\/blog\/2023\/02\/02\/finaliza-el-festival-de-playbacks-2023-con-una-finalisima-estelar-2\/#breadcrumb"},"inLanguage":"es","potentialAction":[{"@type":"ReadAction","target":["https:\/\/triana.salesianos.edu\/colegio\/blog\/2023\/02\/02\/finaliza-el-festival-de-playbacks-2023-con-una-finalisima-estelar-2\/"]}]},{"@type":"ImageObject","inLanguage":"es","@id":"https:\/\/triana.salesianos.edu\/colegio\/blog\/2023\/02\/02\/finaliza-el-festival-de-playbacks-2023-con-una-finalisima-estelar-2\/#primaryimage","url":"https:\/\/triana.salesianos.edu\/colegio\/wp-content\/uploads\/sites\/2\/2023\/02\/Finalisima-Playbacks-2023-1.png","contentUrl":"https:\/\/triana.salesianos.edu\/colegio\/wp-content\/uploads\/sites\/2\/2023\/02\/Finalisima-Playbacks-2023-1.png","width":5184,"height":3456},{"@type":"BreadcrumbList","@id":"https:\/\/triana.salesianos.edu\/colegio\/blog\/2023\/02\/02\/finaliza-el-festival-de-playbacks-2023-con-una-finalisima-estelar-2\/#breadcrumb","itemListElement":[{"@type":"ListItem","position":1,"name":"Portada","item":"https:\/\/triana.salesianos.edu\/colegio\/"},{"@type":"ListItem","position":2,"name":"Finaliza el Festival de Playbacks 2023 con una Final\u00edsima estelar"}]},{"@type":"WebSite","@id":"https:\/\/triana.salesianos.edu\/colegio\/#website","url":"https:\/\/triana.salesianos.edu\/colegio\/","name":"Colegio Salesiano San Pedro","description":"P\u00e1gina oficial Salesianos Triana Sevilla","potentialAction":[{"@type":"SearchAction","target":{"@type":"EntryPoint","urlTemplate":"https:\/\/triana.salesianos.edu\/colegio\/?s={search_term_string}"},"query-input":{"@type":"PropertyValueSpecification","valueRequired":true,"valueName":"search_term_string"}}],"inLanguage":"es"},{"@type":"Person","@id":"https:\/\/triana.salesianos.edu\/colegio\/#\/schema\/person\/ac56d09b53320706efba5d42fa54fa77","name":"Gestor Web","image":{"@type":"ImageObject","inLanguage":"es","@id":"https:\/\/secure.gravatar.com\/avatar\/2e89c91da47a7fb64ca5f65c45ef901e52d2b7a5c0f7eb1ae1e1c5f1e0c314da?s=96&d=mm&r=g","url":"https:\/\/secure.gravatar.com\/avatar\/2e89c91da47a7fb64ca5f65c45ef901e52d2b7a5c0f7eb1ae1e1c5f1e0c314da?s=96&d=mm&r=g","contentUrl":"https:\/\/secure.gravatar.com\/avatar\/2e89c91da47a7fb64ca5f65c45ef901e52d2b7a5c0f7eb1ae1e1c5f1e0c314da?s=96&d=mm&r=g","caption":"Gestor Web"}}]}},"_links":{"self":[{"href":"https:\/\/triana.salesianos.edu\/colegio\/wp-json\/wp\/v2\/posts\/24207","targetHints":{"allow":["GET"]}}],"collection":[{"href":"https:\/\/triana.salesianos.edu\/colegio\/wp-json\/wp\/v2\/posts"}],"about":[{"href":"https:\/\/triana.salesianos.edu\/colegio\/wp-json\/wp\/v2\/types\/post"}],"author":[{"embeddable":true,"href":"https:\/\/triana.salesianos.edu\/colegio\/wp-json\/wp\/v2\/users\/3"}],"replies":[{"embeddable":true,"href":"https:\/\/triana.salesianos.edu\/colegio\/wp-json\/wp\/v2\/comments?post=24207"}],"version-history":[{"count":1,"href":"https:\/\/triana.salesianos.edu\/colegio\/wp-json\/wp\/v2\/posts\/24207\/revisions"}],"predecessor-version":[{"id":24226,"href":"https:\/\/triana.salesianos.edu\/colegio\/wp-json\/wp\/v2\/posts\/24207\/revisions\/24226"}],"wp:featuredmedia":[{"embeddable":true,"href":"https:\/\/triana.salesianos.edu\/colegio\/wp-json\/wp\/v2\/media\/24206"}],"wp:attachment":[{"href":"https:\/\/triana.salesianos.edu\/colegio\/wp-json\/wp\/v2\/media?parent=24207"}],"wp:term":[{"taxonomy":"category","embeddable":true,"href":"https:\/\/triana.salesianos.edu\/colegio\/wp-json\/wp\/v2\/categories?post=24207"},{"taxonomy":"post_tag","embeddable":true,"href":"https:\/\/triana.salesianos.edu\/colegio\/wp-json\/wp\/v2\/tags?post=24207"}],"curies":[{"name":"wp","href":"https:\/\/api.w.org\/{rel}","templated":true}]}}