{"id":23380,"date":"2021-06-06T12:13:44","date_gmt":"2021-06-06T11:13:44","guid":{"rendered":"https:\/\/triana.salesianos.edu\/colegio\/?p=23380"},"modified":"2021-06-07T11:11:11","modified_gmt":"2021-06-07T10:11:11","slug":"salesianos-de-triana-premiado-en-el-festival-de-cortometrajes-internacional-festiclip-2021","status":"publish","type":"post","link":"https:\/\/triana.salesianos.edu\/colegio\/blog\/2021\/06\/06\/salesianos-de-triana-premiado-en-el-festival-de-cortometrajes-internacional-festiclip-2021\/","title":{"rendered":"Salesianos de Triana premiado en el festival de cortometrajes internacional FESTICLIP 2021"},"content":{"rendered":"<div id=\"fb-root\"><\/div>\n<p>[et_pb_section fb_built=\u00bb1&#8243; _builder_version=\u00bb4.9.4&#8243; _module_preset=\u00bbdefault\u00bb][et_pb_row _builder_version=\u00bb4.9.4&#8243; _module_preset=\u00bbdefault\u00bb][et_pb_column type=\u00bb4_4&#8243; _builder_version=\u00bb4.9.4&#8243; _module_preset=\u00bbdefault\u00bb][et_pb_text _builder_version=\u00bb4.9.4&#8243; _module_preset=\u00bbdefault\u00bb]<\/p>\n<h1><strong>Salesianos de Triana premiado en el festival de cortometrajes internacional FESTICLIP 2021<\/strong><\/h1>\n<p>[\/et_pb_text][et_pb_text _builder_version=\u00bb4.9.4&#8243; _module_preset=\u00bbdefault\u00bb]<\/p>\n<h3><em><strong>El cortometraje presentado por un grupo de alumnos de Formaci\u00f3n Profesional fue galardonado con el premio del p\u00fablico en una gala que se desarroll\u00f3 con una retransmisi\u00f3n online<\/strong><\/em><\/h3>\n<p>[\/et_pb_text][et_pb_image src=\u00bbhttps:\/\/triana.salesianos.edu\/colegio\/wp-content\/uploads\/sites\/2\/2021\/06\/\u00a1El-equipo.png\u00bb title_text=\u00bb\u00a1El equipo!\u00bb _builder_version=\u00bb4.9.4&#8243; _module_preset=\u00bbdefault\u00bb][\/et_pb_image][et_pb_text _builder_version=\u00bb4.9.4&#8243; _module_preset=\u00bbdefault\u00bb]En la tarde noche de ayer tuvo lugar la gala de la 15\u00aa edici\u00f3n del festival de cortometrajes FESTICLIP 2021. Dicho festival fue organizado por la Inspector\u00eda Salesiana de Francia y B\u00e9lgica Sur. Esta actividad est\u00e1 dirigida a todos los j\u00f3venes de entre 15 y 20 a\u00f1os que pertenezcan a cualquier ambiente de la familia salesiana en el mundo. La participaci\u00f3n consiste en realizar un cortometraje con una duraci\u00f3n m\u00e1xima de 7 minutos sobre un tema libre, con la condici\u00f3n que dicho tema invite a reflexionar con los j\u00f3venes. Don Bosco es patr\u00f3n del cine y es por ello que nace este proyecto con un objetivo cu\u00e1druple: promover el v\u00eddeo como herramienta de ense\u00f1anza, favorecer la creatividad entre los j\u00f3venes, ense\u00f1ar a leer con una mirada cr\u00edtica todo lo que se propone en los v\u00eddeos y que los j\u00f3venes contribuyan desde un punto de vista positivo a su propia educaci\u00f3n.<\/p>\n<p>La representaci\u00f3n de nuestro centro ha estado compuesta por un grupo de diez j\u00f3venes alumnos de Formaci\u00f3n Profesional de nuestro centro que han trabajado en el proyecto desde el inicio de curso con emoci\u00f3n y entusiasmo, junto con un equipo de profesores que les han acompa\u00f1ado y colaborado en todo momento. Es necesario puntualizar que para todos los alumnos se trata de su primer a\u00f1o en nuestro centro y la participaci\u00f3n en el festival ha supuesto una oportunidad no solo para aprender sino tambi\u00e9n para conocerse m\u00e1s, ilusionarse con un proyecto com\u00fan y entablar relaciones de amistad.<br \/>\n[\/et_pb_text][\/et_pb_column][\/et_pb_row][et_pb_row column_structure=\u00bb3_5,2_5&#8243; _builder_version=\u00bb4.9.4&#8243; _module_preset=\u00bbdefault\u00bb][et_pb_column type=\u00bb3_5&#8243; _builder_version=\u00bb4.9.4&#8243; _module_preset=\u00bbdefault\u00bb][et_pb_text _builder_version=\u00bb4.9.4&#8243; _module_preset=\u00bbdefault\u00bb]<\/p>\n<h4><em>El cortometraje<\/em><\/h4>\n<p>El cortometraje presentado lleva por t\u00edtulo \u00abWhy not\u00bb y trata como tem\u00e1tica principal la vocaci\u00f3n sacerdotal. Se trata de la historia de Marcos, un joven adolescente de 17 a\u00f1os que desde hace tiempo ha optado por una vida basada en la diversi\u00f3n, los amigos, las fiestas y la presencia activa en redes sociales. \u00c9l y muchos amigos creen que ah\u00ed reside la verdadera felicidad. Sin embargo, este es un curso diferente y puede que Marcos encuentre otro camino de felicidad para \u00e9l&#8230;<\/p>\n<p>Nuestra participaci\u00f3n en el festival fue galardonada con el \u00abPremio del P\u00fablico\u00bb. Ha sido la pel\u00edcula m\u00e1s valorada por los telespectadores de una edici\u00f3n que, debido a la situaci\u00f3n que estamos viviendo, no pudo celebrarse de manera presencial. Por ello, tuvimos que vivirla desde la distancia mediante una transmisi\u00f3n desde Francia en directo. Aprovechamos para agradecer a la organizaci\u00f3n del FESTICLIP y a la Delegaci\u00f3n de Pastoral Juvenil de la Inspector\u00eda de Francia y B\u00e9lgica Sur la acogida y la atenci\u00f3n, as\u00ed como su acompa\u00f1amiento durante todo el proceso de creaci\u00f3n de nuestro cortometraje y la buena acogida que ha tenido en tierras francesas.<\/p>\n<p>Queremos felicitar a todos los alumnos implicados por su excelente trabajo, por su esfuerzo y por su dedicaci\u00f3n. Pero tambi\u00e9n por su curiosidad\u00a0 y su inquietud por afrontar proyectos nuevos que, sin duda, permiten crecer no solo acad\u00e9micamente, sino como persona. \u00a1Felicidades!<br \/>\n[\/et_pb_text][\/et_pb_column][et_pb_column type=\u00bb2_5&#8243; _builder_version=\u00bb4.9.4&#8243; _module_preset=\u00bbdefault\u00bb][et_pb_image src=\u00bbhttps:\/\/triana.salesianos.edu\/colegio\/wp-content\/uploads\/sites\/2\/2021\/06\/Festiclip-2021.png\u00bb title_text=\u00bbFesticlip 2021&#8243; _builder_version=\u00bb4.9.4&#8243; _module_preset=\u00bbdefault\u00bb][\/et_pb_image][\/et_pb_column][\/et_pb_row][et_pb_row _builder_version=\u00bb4.9.4&#8243; _module_preset=\u00bbdefault\u00bb][et_pb_column type=\u00bb4_4&#8243; _builder_version=\u00bb4.9.4&#8243; _module_preset=\u00bbdefault\u00bb][et_pb_video src=\u00bbhttps:\/\/www.youtube.com\/watch?v=n-CT-osBYL4&#8243; _builder_version=\u00bb4.9.4&#8243; _module_preset=\u00bbdefault\u00bb][\/et_pb_video][\/et_pb_column][\/et_pb_row][\/et_pb_section]<\/p>\n","protected":false},"excerpt":{"rendered":"<p>Salesianos de Triana premiado en el festival de cortometrajes internacional FESTICLIP 2021 El cortometraje presentado por un grupo de alumnos de Formaci\u00f3n Profesional fue galardonado con el premio del p\u00fablico en una gala que se desarroll\u00f3 con una retransmisi\u00f3n online En la tarde noche de ayer tuvo lugar la gala de la 15\u00aa edici\u00f3n del [&hellip;]<\/p>\n","protected":false},"author":3,"featured_media":23347,"comment_status":"open","ping_status":"open","sticky":false,"template":"","format":"standard","meta":{"_et_pb_use_builder":"on","_et_pb_old_content":"","_et_gb_content_width":"","footnotes":""},"categories":[21,27,16],"tags":[],"class_list":["post-23380","post","type-post","status-publish","format-standard","has-post-thumbnail","hentry","category-ccff","category-colegio","category-portada"],"yoast_head":"<!-- This site is optimized with the Yoast SEO plugin v28.3 - https:\/\/yoast.com\/product\/yoast-seo-wordpress\/ -->\n<title>Salesianos de Triana premiado en el festival de cortometrajes internacional FESTICLIP 2021 - Colegio Salesiano San Pedro<\/title>\n<meta name=\"description\" content=\"Salesianos Triana premiado en el festival internacional FESTICLIP 2021 de los Salesianos de Francia\" \/>\n<meta name=\"robots\" content=\"noindex, follow\" \/>\n<meta property=\"og:locale\" content=\"es_ES\" \/>\n<meta property=\"og:type\" content=\"article\" \/>\n<meta property=\"og:title\" content=\"Salesianos Triana premiado en el FESTICLIP 2021\" \/>\n<meta property=\"og:description\" content=\"Un grupo de alumnos de Formaci\u00f3n Profesional obtienen el &quot;premio del p\u00fablico&quot; en su participaci\u00f3n en esta festival internacional\" \/>\n<meta property=\"og:url\" content=\"https:\/\/triana.salesianos.edu\/colegio\/blog\/2021\/06\/06\/salesianos-de-triana-premiado-en-el-festival-de-cortometrajes-internacional-festiclip-2021\/\" \/>\n<meta property=\"og:site_name\" content=\"Colegio Salesiano San Pedro\" \/>\n<meta property=\"article:published_time\" content=\"2021-06-06T11:13:44+00:00\" \/>\n<meta property=\"article:modified_time\" content=\"2021-06-07T10:11:11+00:00\" \/>\n<meta property=\"og:image\" content=\"https:\/\/triana.salesianos.edu\/colegio\/wp-content\/uploads\/sites\/2\/2021\/06\/\u00a1El-equipo-1024x724.png\" \/>\n\t<meta property=\"og:image:width\" content=\"1024\" \/>\n\t<meta property=\"og:image:height\" content=\"724\" \/>\n\t<meta property=\"og:image:type\" content=\"image\/png\" \/>\n<meta name=\"author\" content=\"Gestor Web\" \/>\n<meta name=\"twitter:card\" content=\"summary_large_image\" \/>\n<meta name=\"twitter:title\" content=\"Salesianos Triana premiado en el FESTICLIP 2021\" \/>\n<meta name=\"twitter:description\" content=\"Un grupo de alumnos de Formaci\u00f3n Profesional obtienen el &quot;premio del p\u00fablico&quot; en su participaci\u00f3n en esta festival internacional\" \/>\n<meta name=\"twitter:image\" content=\"https:\/\/triana.salesianos.edu\/colegio\/wp-content\/uploads\/sites\/2\/2021\/06\/\u00a1El-equipo.png\" \/>\n<meta name=\"twitter:label1\" content=\"Escrito por\" \/>\n\t<meta name=\"twitter:data1\" content=\"Gestor Web\" \/>\n\t<meta name=\"twitter:label2\" content=\"Tiempo de lectura\" \/>\n\t<meta name=\"twitter:data2\" content=\"3 minutos\" \/>\n<script type=\"application\/ld+json\" class=\"yoast-schema-graph\">{\"@context\":\"https:\\\/\\\/schema.org\",\"@graph\":[{\"@type\":\"Article\",\"@id\":\"https:\\\/\\\/triana.salesianos.edu\\\/colegio\\\/blog\\\/2021\\\/06\\\/06\\\/salesianos-de-triana-premiado-en-el-festival-de-cortometrajes-internacional-festiclip-2021\\\/#article\",\"isPartOf\":{\"@id\":\"https:\\\/\\\/triana.salesianos.edu\\\/colegio\\\/blog\\\/2021\\\/06\\\/06\\\/salesianos-de-triana-premiado-en-el-festival-de-cortometrajes-internacional-festiclip-2021\\\/\"},\"author\":{\"name\":\"Gestor Web\",\"@id\":\"https:\\\/\\\/triana.salesianos.edu\\\/colegio\\\/#\\\/schema\\\/person\\\/ac56d09b53320706efba5d42fa54fa77\"},\"headline\":\"Salesianos de Triana premiado en el festival de cortometrajes internacional FESTICLIP 2021\",\"datePublished\":\"2021-06-06T11:13:44+00:00\",\"dateModified\":\"2021-06-07T10:11:11+00:00\",\"mainEntityOfPage\":{\"@id\":\"https:\\\/\\\/triana.salesianos.edu\\\/colegio\\\/blog\\\/2021\\\/06\\\/06\\\/salesianos-de-triana-premiado-en-el-festival-de-cortometrajes-internacional-festiclip-2021\\\/\"},\"wordCount\":786,\"commentCount\":0,\"image\":{\"@id\":\"https:\\\/\\\/triana.salesianos.edu\\\/colegio\\\/blog\\\/2021\\\/06\\\/06\\\/salesianos-de-triana-premiado-en-el-festival-de-cortometrajes-internacional-festiclip-2021\\\/#primaryimage\"},\"thumbnailUrl\":\"https:\\\/\\\/triana.salesianos.edu\\\/colegio\\\/wp-content\\\/uploads\\\/sites\\\/2\\\/2021\\\/06\\\/Festiclip-2021.png\",\"articleSection\":[\"Ciclos Formativos\",\"Colegio\",\"Portada\"],\"inLanguage\":\"es\",\"potentialAction\":[{\"@type\":\"CommentAction\",\"name\":\"Comment\",\"target\":[\"https:\\\/\\\/triana.salesianos.edu\\\/colegio\\\/blog\\\/2021\\\/06\\\/06\\\/salesianos-de-triana-premiado-en-el-festival-de-cortometrajes-internacional-festiclip-2021\\\/#respond\"]}]},{\"@type\":\"WebPage\",\"@id\":\"https:\\\/\\\/triana.salesianos.edu\\\/colegio\\\/blog\\\/2021\\\/06\\\/06\\\/salesianos-de-triana-premiado-en-el-festival-de-cortometrajes-internacional-festiclip-2021\\\/\",\"url\":\"https:\\\/\\\/triana.salesianos.edu\\\/colegio\\\/blog\\\/2021\\\/06\\\/06\\\/salesianos-de-triana-premiado-en-el-festival-de-cortometrajes-internacional-festiclip-2021\\\/\",\"name\":\"Salesianos de Triana premiado en el festival de cortometrajes internacional FESTICLIP 2021 - Colegio Salesiano San Pedro\",\"isPartOf\":{\"@id\":\"https:\\\/\\\/triana.salesianos.edu\\\/colegio\\\/#website\"},\"primaryImageOfPage\":{\"@id\":\"https:\\\/\\\/triana.salesianos.edu\\\/colegio\\\/blog\\\/2021\\\/06\\\/06\\\/salesianos-de-triana-premiado-en-el-festival-de-cortometrajes-internacional-festiclip-2021\\\/#primaryimage\"},\"image\":{\"@id\":\"https:\\\/\\\/triana.salesianos.edu\\\/colegio\\\/blog\\\/2021\\\/06\\\/06\\\/salesianos-de-triana-premiado-en-el-festival-de-cortometrajes-internacional-festiclip-2021\\\/#primaryimage\"},\"thumbnailUrl\":\"https:\\\/\\\/triana.salesianos.edu\\\/colegio\\\/wp-content\\\/uploads\\\/sites\\\/2\\\/2021\\\/06\\\/Festiclip-2021.png\",\"datePublished\":\"2021-06-06T11:13:44+00:00\",\"dateModified\":\"2021-06-07T10:11:11+00:00\",\"author\":{\"@id\":\"https:\\\/\\\/triana.salesianos.edu\\\/colegio\\\/#\\\/schema\\\/person\\\/ac56d09b53320706efba5d42fa54fa77\"},\"description\":\"Salesianos Triana premiado en el festival internacional FESTICLIP 2021 de los Salesianos de Francia\",\"breadcrumb\":{\"@id\":\"https:\\\/\\\/triana.salesianos.edu\\\/colegio\\\/blog\\\/2021\\\/06\\\/06\\\/salesianos-de-triana-premiado-en-el-festival-de-cortometrajes-internacional-festiclip-2021\\\/#breadcrumb\"},\"inLanguage\":\"es\",\"potentialAction\":[{\"@type\":\"ReadAction\",\"target\":[\"https:\\\/\\\/triana.salesianos.edu\\\/colegio\\\/blog\\\/2021\\\/06\\\/06\\\/salesianos-de-triana-premiado-en-el-festival-de-cortometrajes-internacional-festiclip-2021\\\/\"]}]},{\"@type\":\"ImageObject\",\"inLanguage\":\"es\",\"@id\":\"https:\\\/\\\/triana.salesianos.edu\\\/colegio\\\/blog\\\/2021\\\/06\\\/06\\\/salesianos-de-triana-premiado-en-el-festival-de-cortometrajes-internacional-festiclip-2021\\\/#primaryimage\",\"url\":\"https:\\\/\\\/triana.salesianos.edu\\\/colegio\\\/wp-content\\\/uploads\\\/sites\\\/2\\\/2021\\\/06\\\/Festiclip-2021.png\",\"contentUrl\":\"https:\\\/\\\/triana.salesianos.edu\\\/colegio\\\/wp-content\\\/uploads\\\/sites\\\/2\\\/2021\\\/06\\\/Festiclip-2021.png\",\"width\":1080,\"height\":1080},{\"@type\":\"BreadcrumbList\",\"@id\":\"https:\\\/\\\/triana.salesianos.edu\\\/colegio\\\/blog\\\/2021\\\/06\\\/06\\\/salesianos-de-triana-premiado-en-el-festival-de-cortometrajes-internacional-festiclip-2021\\\/#breadcrumb\",\"itemListElement\":[{\"@type\":\"ListItem\",\"position\":1,\"name\":\"Portada\",\"item\":\"https:\\\/\\\/triana.salesianos.edu\\\/colegio\\\/\"},{\"@type\":\"ListItem\",\"position\":2,\"name\":\"Salesianos de Triana premiado en el festival de cortometrajes internacional FESTICLIP 2021\"}]},{\"@type\":\"WebSite\",\"@id\":\"https:\\\/\\\/triana.salesianos.edu\\\/colegio\\\/#website\",\"url\":\"https:\\\/\\\/triana.salesianos.edu\\\/colegio\\\/\",\"name\":\"Colegio Salesiano San Pedro\",\"description\":\"P\u00e1gina oficial Salesianos Triana Sevilla\",\"potentialAction\":[{\"@type\":\"SearchAction\",\"target\":{\"@type\":\"EntryPoint\",\"urlTemplate\":\"https:\\\/\\\/triana.salesianos.edu\\\/colegio\\\/?s={search_term_string}\"},\"query-input\":{\"@type\":\"PropertyValueSpecification\",\"valueRequired\":true,\"valueName\":\"search_term_string\"}}],\"inLanguage\":\"es\"},{\"@type\":\"Person\",\"@id\":\"https:\\\/\\\/triana.salesianos.edu\\\/colegio\\\/#\\\/schema\\\/person\\\/ac56d09b53320706efba5d42fa54fa77\",\"name\":\"Gestor Web\",\"image\":{\"@type\":\"ImageObject\",\"inLanguage\":\"es\",\"@id\":\"https:\\\/\\\/secure.gravatar.com\\\/avatar\\\/2e89c91da47a7fb64ca5f65c45ef901e52d2b7a5c0f7eb1ae1e1c5f1e0c314da?s=96&d=mm&r=g\",\"url\":\"https:\\\/\\\/secure.gravatar.com\\\/avatar\\\/2e89c91da47a7fb64ca5f65c45ef901e52d2b7a5c0f7eb1ae1e1c5f1e0c314da?s=96&d=mm&r=g\",\"contentUrl\":\"https:\\\/\\\/secure.gravatar.com\\\/avatar\\\/2e89c91da47a7fb64ca5f65c45ef901e52d2b7a5c0f7eb1ae1e1c5f1e0c314da?s=96&d=mm&r=g\",\"caption\":\"Gestor Web\"}}]}<\/script>\n<!-- \/ Yoast SEO plugin. -->","yoast_head_json":{"title":"Salesianos de Triana premiado en el festival de cortometrajes internacional FESTICLIP 2021 - Colegio Salesiano San Pedro","description":"Salesianos Triana premiado en el festival internacional FESTICLIP 2021 de los Salesianos de Francia","robots":{"index":"noindex","follow":"follow"},"og_locale":"es_ES","og_type":"article","og_title":"Salesianos Triana premiado en el FESTICLIP 2021","og_description":"Un grupo de alumnos de Formaci\u00f3n Profesional obtienen el \"premio del p\u00fablico\" en su participaci\u00f3n en esta festival internacional","og_url":"https:\/\/triana.salesianos.edu\/colegio\/blog\/2021\/06\/06\/salesianos-de-triana-premiado-en-el-festival-de-cortometrajes-internacional-festiclip-2021\/","og_site_name":"Colegio Salesiano San Pedro","article_published_time":"2021-06-06T11:13:44+00:00","article_modified_time":"2021-06-07T10:11:11+00:00","og_image":[{"width":1024,"height":724,"url":"https:\/\/triana.salesianos.edu\/colegio\/wp-content\/uploads\/sites\/2\/2021\/06\/\u00a1El-equipo-1024x724.png","type":"image\/png"}],"author":"Gestor Web","twitter_card":"summary_large_image","twitter_title":"Salesianos Triana premiado en el FESTICLIP 2021","twitter_description":"Un grupo de alumnos de Formaci\u00f3n Profesional obtienen el \"premio del p\u00fablico\" en su participaci\u00f3n en esta festival internacional","twitter_image":"https:\/\/triana.salesianos.edu\/colegio\/wp-content\/uploads\/sites\/2\/2021\/06\/\u00a1El-equipo.png","twitter_misc":{"Escrito por":"Gestor Web","Tiempo de lectura":"3 minutos"},"schema":{"@context":"https:\/\/schema.org","@graph":[{"@type":"Article","@id":"https:\/\/triana.salesianos.edu\/colegio\/blog\/2021\/06\/06\/salesianos-de-triana-premiado-en-el-festival-de-cortometrajes-internacional-festiclip-2021\/#article","isPartOf":{"@id":"https:\/\/triana.salesianos.edu\/colegio\/blog\/2021\/06\/06\/salesianos-de-triana-premiado-en-el-festival-de-cortometrajes-internacional-festiclip-2021\/"},"author":{"name":"Gestor Web","@id":"https:\/\/triana.salesianos.edu\/colegio\/#\/schema\/person\/ac56d09b53320706efba5d42fa54fa77"},"headline":"Salesianos de Triana premiado en el festival de cortometrajes internacional FESTICLIP 2021","datePublished":"2021-06-06T11:13:44+00:00","dateModified":"2021-06-07T10:11:11+00:00","mainEntityOfPage":{"@id":"https:\/\/triana.salesianos.edu\/colegio\/blog\/2021\/06\/06\/salesianos-de-triana-premiado-en-el-festival-de-cortometrajes-internacional-festiclip-2021\/"},"wordCount":786,"commentCount":0,"image":{"@id":"https:\/\/triana.salesianos.edu\/colegio\/blog\/2021\/06\/06\/salesianos-de-triana-premiado-en-el-festival-de-cortometrajes-internacional-festiclip-2021\/#primaryimage"},"thumbnailUrl":"https:\/\/triana.salesianos.edu\/colegio\/wp-content\/uploads\/sites\/2\/2021\/06\/Festiclip-2021.png","articleSection":["Ciclos Formativos","Colegio","Portada"],"inLanguage":"es","potentialAction":[{"@type":"CommentAction","name":"Comment","target":["https:\/\/triana.salesianos.edu\/colegio\/blog\/2021\/06\/06\/salesianos-de-triana-premiado-en-el-festival-de-cortometrajes-internacional-festiclip-2021\/#respond"]}]},{"@type":"WebPage","@id":"https:\/\/triana.salesianos.edu\/colegio\/blog\/2021\/06\/06\/salesianos-de-triana-premiado-en-el-festival-de-cortometrajes-internacional-festiclip-2021\/","url":"https:\/\/triana.salesianos.edu\/colegio\/blog\/2021\/06\/06\/salesianos-de-triana-premiado-en-el-festival-de-cortometrajes-internacional-festiclip-2021\/","name":"Salesianos de Triana premiado en el festival de cortometrajes internacional FESTICLIP 2021 - Colegio Salesiano San Pedro","isPartOf":{"@id":"https:\/\/triana.salesianos.edu\/colegio\/#website"},"primaryImageOfPage":{"@id":"https:\/\/triana.salesianos.edu\/colegio\/blog\/2021\/06\/06\/salesianos-de-triana-premiado-en-el-festival-de-cortometrajes-internacional-festiclip-2021\/#primaryimage"},"image":{"@id":"https:\/\/triana.salesianos.edu\/colegio\/blog\/2021\/06\/06\/salesianos-de-triana-premiado-en-el-festival-de-cortometrajes-internacional-festiclip-2021\/#primaryimage"},"thumbnailUrl":"https:\/\/triana.salesianos.edu\/colegio\/wp-content\/uploads\/sites\/2\/2021\/06\/Festiclip-2021.png","datePublished":"2021-06-06T11:13:44+00:00","dateModified":"2021-06-07T10:11:11+00:00","author":{"@id":"https:\/\/triana.salesianos.edu\/colegio\/#\/schema\/person\/ac56d09b53320706efba5d42fa54fa77"},"description":"Salesianos Triana premiado en el festival internacional FESTICLIP 2021 de los Salesianos de Francia","breadcrumb":{"@id":"https:\/\/triana.salesianos.edu\/colegio\/blog\/2021\/06\/06\/salesianos-de-triana-premiado-en-el-festival-de-cortometrajes-internacional-festiclip-2021\/#breadcrumb"},"inLanguage":"es","potentialAction":[{"@type":"ReadAction","target":["https:\/\/triana.salesianos.edu\/colegio\/blog\/2021\/06\/06\/salesianos-de-triana-premiado-en-el-festival-de-cortometrajes-internacional-festiclip-2021\/"]}]},{"@type":"ImageObject","inLanguage":"es","@id":"https:\/\/triana.salesianos.edu\/colegio\/blog\/2021\/06\/06\/salesianos-de-triana-premiado-en-el-festival-de-cortometrajes-internacional-festiclip-2021\/#primaryimage","url":"https:\/\/triana.salesianos.edu\/colegio\/wp-content\/uploads\/sites\/2\/2021\/06\/Festiclip-2021.png","contentUrl":"https:\/\/triana.salesianos.edu\/colegio\/wp-content\/uploads\/sites\/2\/2021\/06\/Festiclip-2021.png","width":1080,"height":1080},{"@type":"BreadcrumbList","@id":"https:\/\/triana.salesianos.edu\/colegio\/blog\/2021\/06\/06\/salesianos-de-triana-premiado-en-el-festival-de-cortometrajes-internacional-festiclip-2021\/#breadcrumb","itemListElement":[{"@type":"ListItem","position":1,"name":"Portada","item":"https:\/\/triana.salesianos.edu\/colegio\/"},{"@type":"ListItem","position":2,"name":"Salesianos de Triana premiado en el festival de cortometrajes internacional FESTICLIP 2021"}]},{"@type":"WebSite","@id":"https:\/\/triana.salesianos.edu\/colegio\/#website","url":"https:\/\/triana.salesianos.edu\/colegio\/","name":"Colegio Salesiano San Pedro","description":"P\u00e1gina oficial Salesianos Triana Sevilla","potentialAction":[{"@type":"SearchAction","target":{"@type":"EntryPoint","urlTemplate":"https:\/\/triana.salesianos.edu\/colegio\/?s={search_term_string}"},"query-input":{"@type":"PropertyValueSpecification","valueRequired":true,"valueName":"search_term_string"}}],"inLanguage":"es"},{"@type":"Person","@id":"https:\/\/triana.salesianos.edu\/colegio\/#\/schema\/person\/ac56d09b53320706efba5d42fa54fa77","name":"Gestor Web","image":{"@type":"ImageObject","inLanguage":"es","@id":"https:\/\/secure.gravatar.com\/avatar\/2e89c91da47a7fb64ca5f65c45ef901e52d2b7a5c0f7eb1ae1e1c5f1e0c314da?s=96&d=mm&r=g","url":"https:\/\/secure.gravatar.com\/avatar\/2e89c91da47a7fb64ca5f65c45ef901e52d2b7a5c0f7eb1ae1e1c5f1e0c314da?s=96&d=mm&r=g","contentUrl":"https:\/\/secure.gravatar.com\/avatar\/2e89c91da47a7fb64ca5f65c45ef901e52d2b7a5c0f7eb1ae1e1c5f1e0c314da?s=96&d=mm&r=g","caption":"Gestor Web"}}]}},"_links":{"self":[{"href":"https:\/\/triana.salesianos.edu\/colegio\/wp-json\/wp\/v2\/posts\/23380","targetHints":{"allow":["GET"]}}],"collection":[{"href":"https:\/\/triana.salesianos.edu\/colegio\/wp-json\/wp\/v2\/posts"}],"about":[{"href":"https:\/\/triana.salesianos.edu\/colegio\/wp-json\/wp\/v2\/types\/post"}],"author":[{"embeddable":true,"href":"https:\/\/triana.salesianos.edu\/colegio\/wp-json\/wp\/v2\/users\/3"}],"replies":[{"embeddable":true,"href":"https:\/\/triana.salesianos.edu\/colegio\/wp-json\/wp\/v2\/comments?post=23380"}],"version-history":[{"count":15,"href":"https:\/\/triana.salesianos.edu\/colegio\/wp-json\/wp\/v2\/posts\/23380\/revisions"}],"predecessor-version":[{"id":23399,"href":"https:\/\/triana.salesianos.edu\/colegio\/wp-json\/wp\/v2\/posts\/23380\/revisions\/23399"}],"wp:featuredmedia":[{"embeddable":true,"href":"https:\/\/triana.salesianos.edu\/colegio\/wp-json\/wp\/v2\/media\/23347"}],"wp:attachment":[{"href":"https:\/\/triana.salesianos.edu\/colegio\/wp-json\/wp\/v2\/media?parent=23380"}],"wp:term":[{"taxonomy":"category","embeddable":true,"href":"https:\/\/triana.salesianos.edu\/colegio\/wp-json\/wp\/v2\/categories?post=23380"},{"taxonomy":"post_tag","embeddable":true,"href":"https:\/\/triana.salesianos.edu\/colegio\/wp-json\/wp\/v2\/tags?post=23380"}],"curies":[{"name":"wp","href":"https:\/\/api.w.org\/{rel}","templated":true}]}}